{"id":2449,"date":"2015-02-22T19:09:36","date_gmt":"2015-02-22T19:09:36","guid":{"rendered":"http:\/\/www.editiespecialapress.ro\/?p=2449"},"modified":"2015-02-22T19:09:36","modified_gmt":"2015-02-22T19:09:36","slug":"urare-1-martie-primaria-darmanesti","status":"publish","type":"post","link":"https:\/\/www.editiespecialapress.ro\/newtest\/2015\/02\/22\/urare-1-martie-primaria-darmanesti\/","title":{"rendered":"Urare 1 Martie &#8211; Primaria D\u0103rm\u0103ne\u015fti"},"content":{"rendered":"<p>Parfumul florilor de prim\u0103vara, roua dimine\u0163ilor calde, adierea zefirului din cel mai frumos anotimp, toate acestea s\u0103-\u015fi g\u0103seasc\u0103 locul \u00een sufletul dumneavoastr\u0103. La mul\u0163i ani de 1 Martie!<\/p>\n<p style=\"text-align: right;\"><strong>Prim\u0103ria D\u0103rm\u0103ne\u015fti, <\/strong><br \/>\n<strong>primar Ciolan Emilian (AG)\u00a0<\/strong><\/p>\n","protected":false},"excerpt":{"rendered":"<p>Parfumul florilor de prim\u0103vara, roua dimine\u0163ilor calde, adierea zefirului din cel mai frumos anotimp, toate acestea s\u0103-\u015fi g\u0103seasc\u0103 locul \u00een sufletul dumneavoastr\u0103. La mul\u0163i ani de 1 Martie! Prim\u0103ria D\u0103rm\u0103ne\u015fti, primar Ciolan Emilian (AG)\u00a0<\/p>\n","protected":false},"author":2,"featured_media":2450,"comment_status":"closed","ping_status":"open","sticky":false,"template":"","format":"standard","meta":{"footnotes":""},"categories":[4],"tags":[],"class_list":{"0":"post-2449","1":"post","2":"type-post","3":"status-publish","4":"format-standard","5":"has-post-thumbnail","7":"category-felicitari"},"_links":{"self":[{"href":"https:\/\/www.editiespecialapress.ro\/newtest\/wp-json\/wp\/v2\/posts\/2449","targetHints":{"allow":["GET"]}}],"collection":[{"href":"https:\/\/www.editiespecialapress.ro\/newtest\/wp-json\/wp\/v2\/posts"}],"about":[{"href":"https:\/\/www.editiespecialapress.ro\/newtest\/wp-json\/wp\/v2\/types\/post"}],"author":[{"embeddable":true,"href":"https:\/\/www.editiespecialapress.ro\/newtest\/wp-json\/wp\/v2\/users\/2"}],"replies":[{"embeddable":true,"href":"https:\/\/www.editiespecialapress.ro\/newtest\/wp-json\/wp\/v2\/comments?post=2449"}],"version-history":[{"count":0,"href":"https:\/\/www.editiespecialapress.ro\/newtest\/wp-json\/wp\/v2\/posts\/2449\/revisions"}],"wp:featuredmedia":[{"embeddable":true,"href":"https:\/\/www.editiespecialapress.ro\/newtest\/wp-json\/"}],"wp:attachment":[{"href":"https:\/\/www.editiespecialapress.ro\/newtest\/wp-json\/wp\/v2\/media?parent=2449"}],"wp:term":[{"taxonomy":"category","embeddable":true,"href":"https:\/\/www.editiespecialapress.ro\/newtest\/wp-json\/wp\/v2\/categories?post=2449"},{"taxonomy":"post_tag","embeddable":true,"href":"https:\/\/www.editiespecialapress.ro\/newtest\/wp-json\/wp\/v2\/tags?post=2449"}],"curies":[{"name":"wp","href":"https:\/\/api.w.org\/{rel}","templated":true}]}}