{"id":2489,"date":"2015-03-01T20:07:36","date_gmt":"2015-03-01T20:07:36","guid":{"rendered":"http:\/\/www.editiespecialapress.ro\/?p=2489"},"modified":"2015-03-01T20:07:36","modified_gmt":"2015-03-01T20:07:36","slug":"urare-8-martie-primaria-darmanesti","status":"publish","type":"post","link":"https:\/\/www.editiespecialapress.ro\/newtest\/2015\/03\/01\/urare-8-martie-primaria-darmanesti\/","title":{"rendered":"Urare 8 Martie Primaria Darmanesti"},"content":{"rendered":"<p><b>Fie ca toate \u00eemplinirile frumoase, s\u0103n\u0103tatea \u015fi spiritul acestei zile s\u0103 v\u0103 \u00eenso\u0163easc\u0103 pretutindeni. V\u0103 dorim un 8 Martie special! La mul\u0163i ani, tuturor femeilor!\u00a0 <\/b><\/p>\n<p style=\"text-align: right;\"><strong>Prim\u0103ria D\u0103rm\u0103ne\u015fti,<br \/>\nprimar Ciolan Emilian (AG)<\/strong><\/p>\n","protected":false},"excerpt":{"rendered":"<p>Fie ca toate \u00eemplinirile frumoase, s\u0103n\u0103tatea \u015fi spiritul acestei zile s\u0103 v\u0103 \u00eenso\u0163easc\u0103 pretutindeni. V\u0103 dorim un 8 Martie special! La mul\u0163i ani, tuturor femeilor!\u00a0 Prim\u0103ria D\u0103rm\u0103ne\u015fti, primar Ciolan Emilian (AG)<\/p>\n","protected":false},"author":2,"featured_media":2490,"comment_status":"closed","ping_status":"open","sticky":false,"template":"","format":"standard","meta":{"footnotes":""},"categories":[4],"tags":[],"class_list":{"0":"post-2489","1":"post","2":"type-post","3":"status-publish","4":"format-standard","5":"has-post-thumbnail","7":"category-felicitari"},"_links":{"self":[{"href":"https:\/\/www.editiespecialapress.ro\/newtest\/wp-json\/wp\/v2\/posts\/2489","targetHints":{"allow":["GET"]}}],"collection":[{"href":"https:\/\/www.editiespecialapress.ro\/newtest\/wp-json\/wp\/v2\/posts"}],"about":[{"href":"https:\/\/www.editiespecialapress.ro\/newtest\/wp-json\/wp\/v2\/types\/post"}],"author":[{"embeddable":true,"href":"https:\/\/www.editiespecialapress.ro\/newtest\/wp-json\/wp\/v2\/users\/2"}],"replies":[{"embeddable":true,"href":"https:\/\/www.editiespecialapress.ro\/newtest\/wp-json\/wp\/v2\/comments?post=2489"}],"version-history":[{"count":0,"href":"https:\/\/www.editiespecialapress.ro\/newtest\/wp-json\/wp\/v2\/posts\/2489\/revisions"}],"wp:featuredmedia":[{"embeddable":true,"href":"https:\/\/www.editiespecialapress.ro\/newtest\/wp-json\/"}],"wp:attachment":[{"href":"https:\/\/www.editiespecialapress.ro\/newtest\/wp-json\/wp\/v2\/media?parent=2489"}],"wp:term":[{"taxonomy":"category","embeddable":true,"href":"https:\/\/www.editiespecialapress.ro\/newtest\/wp-json\/wp\/v2\/categories?post=2489"},{"taxonomy":"post_tag","embeddable":true,"href":"https:\/\/www.editiespecialapress.ro\/newtest\/wp-json\/wp\/v2\/tags?post=2489"}],"curies":[{"name":"wp","href":"https:\/\/api.w.org\/{rel}","templated":true}]}}