{"id":2492,"date":"2015-03-01T20:09:26","date_gmt":"2015-03-01T20:09:26","guid":{"rendered":"http:\/\/www.editiespecialapress.ro\/?p=2492"},"modified":"2015-03-01T20:09:26","modified_gmt":"2015-03-01T20:09:26","slug":"urare-8-martie-primaria-dambovicioara","status":"publish","type":"post","link":"https:\/\/www.editiespecialapress.ro\/newtest\/2015\/03\/01\/urare-8-martie-primaria-dambovicioara\/","title":{"rendered":"Urare 8 Martie Primaria Dambovicioara"},"content":{"rendered":"<p><b>Fie ca ziua de 8 Martie s\u0103 v\u0103 aduc\u0103 toat\u0103 lumea la picioare, z\u00e2mbetul pe buze \u015fi toat\u0103 fericirea de pe p\u0103m\u00e2nt. La mul\u0163i ani, tuturor femeilor!<\/b><\/p>\n<p style=\"text-align: right;\"><strong> Prim\u0103ria D\u00e2mbovicioara,<br \/>\nprimar Sec\u0103reanu Dumitru (AG)<\/strong><\/p>\n","protected":false},"excerpt":{"rendered":"<p>Fie ca ziua de 8 Martie s\u0103 v\u0103 aduc\u0103 toat\u0103 lumea la picioare, z\u00e2mbetul pe buze \u015fi toat\u0103 fericirea de pe p\u0103m\u00e2nt. La mul\u0163i ani, tuturor femeilor! Prim\u0103ria D\u00e2mbovicioara, primar Sec\u0103reanu Dumitru (AG)<\/p>\n","protected":false},"author":2,"featured_media":2493,"comment_status":"closed","ping_status":"open","sticky":false,"template":"","format":"standard","meta":{"footnotes":""},"categories":[4],"tags":[],"class_list":{"0":"post-2492","1":"post","2":"type-post","3":"status-publish","4":"format-standard","5":"has-post-thumbnail","7":"category-felicitari"},"_links":{"self":[{"href":"https:\/\/www.editiespecialapress.ro\/newtest\/wp-json\/wp\/v2\/posts\/2492","targetHints":{"allow":["GET"]}}],"collection":[{"href":"https:\/\/www.editiespecialapress.ro\/newtest\/wp-json\/wp\/v2\/posts"}],"about":[{"href":"https:\/\/www.editiespecialapress.ro\/newtest\/wp-json\/wp\/v2\/types\/post"}],"author":[{"embeddable":true,"href":"https:\/\/www.editiespecialapress.ro\/newtest\/wp-json\/wp\/v2\/users\/2"}],"replies":[{"embeddable":true,"href":"https:\/\/www.editiespecialapress.ro\/newtest\/wp-json\/wp\/v2\/comments?post=2492"}],"version-history":[{"count":0,"href":"https:\/\/www.editiespecialapress.ro\/newtest\/wp-json\/wp\/v2\/posts\/2492\/revisions"}],"wp:featuredmedia":[{"embeddable":true,"href":"https:\/\/www.editiespecialapress.ro\/newtest\/wp-json\/"}],"wp:attachment":[{"href":"https:\/\/www.editiespecialapress.ro\/newtest\/wp-json\/wp\/v2\/media?parent=2492"}],"wp:term":[{"taxonomy":"category","embeddable":true,"href":"https:\/\/www.editiespecialapress.ro\/newtest\/wp-json\/wp\/v2\/categories?post=2492"},{"taxonomy":"post_tag","embeddable":true,"href":"https:\/\/www.editiespecialapress.ro\/newtest\/wp-json\/wp\/v2\/tags?post=2492"}],"curies":[{"name":"wp","href":"https:\/\/api.w.org\/{rel}","templated":true}]}}