{"id":2495,"date":"2015-03-01T20:11:46","date_gmt":"2015-03-01T20:11:46","guid":{"rendered":"http:\/\/www.editiespecialapress.ro\/?p=2495"},"modified":"2015-03-01T20:11:46","modified_gmt":"2015-03-01T20:11:46","slug":"urare-8-martie-primaria-poiana-lacului","status":"publish","type":"post","link":"https:\/\/www.editiespecialapress.ro\/newtest\/2015\/03\/01\/urare-8-martie-primaria-poiana-lacului\/","title":{"rendered":"Urare 8 Martie Primaria Poiana Lacului"},"content":{"rendered":"<p>De 8 martie v\u0103 ur\u0103m o prim\u0103var\u0103 frumoas\u0103, cu soare, fericire \u015fi toat\u0103 dragostea noastr\u0103 prins\u0103 \u00eentr-un frumos buchet de ghiocei ce vestesc venirea unei noi prim\u0103veri! La mul\u0163i ani, tuturor femeilor!<\/p>\n<p style=\"text-align: right;\"><strong>Prim\u0103ria Poiana Lacului,<br \/>\n<\/strong><strong>primar Dumitrache Ion (AG)<\/strong><\/p>\n","protected":false},"excerpt":{"rendered":"<p>De 8 martie v\u0103 ur\u0103m o prim\u0103var\u0103 frumoas\u0103, cu soare, fericire \u015fi toat\u0103 dragostea noastr\u0103 prins\u0103 \u00eentr-un frumos buchet de ghiocei ce vestesc venirea unei noi prim\u0103veri! La mul\u0163i ani, tuturor femeilor! Prim\u0103ria Poiana Lacului, primar Dumitrache Ion (AG)<\/p>\n","protected":false},"author":2,"featured_media":2496,"comment_status":"closed","ping_status":"open","sticky":false,"template":"","format":"standard","meta":{"footnotes":""},"categories":[4],"tags":[],"class_list":{"0":"post-2495","1":"post","2":"type-post","3":"status-publish","4":"format-standard","5":"has-post-thumbnail","7":"category-felicitari"},"_links":{"self":[{"href":"https:\/\/www.editiespecialapress.ro\/newtest\/wp-json\/wp\/v2\/posts\/2495","targetHints":{"allow":["GET"]}}],"collection":[{"href":"https:\/\/www.editiespecialapress.ro\/newtest\/wp-json\/wp\/v2\/posts"}],"about":[{"href":"https:\/\/www.editiespecialapress.ro\/newtest\/wp-json\/wp\/v2\/types\/post"}],"author":[{"embeddable":true,"href":"https:\/\/www.editiespecialapress.ro\/newtest\/wp-json\/wp\/v2\/users\/2"}],"replies":[{"embeddable":true,"href":"https:\/\/www.editiespecialapress.ro\/newtest\/wp-json\/wp\/v2\/comments?post=2495"}],"version-history":[{"count":0,"href":"https:\/\/www.editiespecialapress.ro\/newtest\/wp-json\/wp\/v2\/posts\/2495\/revisions"}],"wp:featuredmedia":[{"embeddable":true,"href":"https:\/\/www.editiespecialapress.ro\/newtest\/wp-json\/"}],"wp:attachment":[{"href":"https:\/\/www.editiespecialapress.ro\/newtest\/wp-json\/wp\/v2\/media?parent=2495"}],"wp:term":[{"taxonomy":"category","embeddable":true,"href":"https:\/\/www.editiespecialapress.ro\/newtest\/wp-json\/wp\/v2\/categories?post=2495"},{"taxonomy":"post_tag","embeddable":true,"href":"https:\/\/www.editiespecialapress.ro\/newtest\/wp-json\/wp\/v2\/tags?post=2495"}],"curies":[{"name":"wp","href":"https:\/\/api.w.org\/{rel}","templated":true}]}}