{"id":2499,"date":"2015-03-01T20:34:58","date_gmt":"2015-03-01T20:34:58","guid":{"rendered":"http:\/\/www.editiespecialapress.ro\/?p=2499"},"modified":"2015-03-01T20:34:58","modified_gmt":"2015-03-01T20:34:58","slug":"urare-8-martie-primaria-negrasi","status":"publish","type":"post","link":"https:\/\/www.editiespecialapress.ro\/newtest\/2015\/03\/01\/urare-8-martie-primaria-negrasi\/","title":{"rendered":"Urare 8 Martie Primaria Negrasi"},"content":{"rendered":"<p>Ziua asta s\u0103 fie un prilej de bucurie pentru voi toate, s\u0103 sim\u0163i\u0163i mai pu\u0163in ap\u0103sarea grijilor \u015fi s\u0103 vi se umple g\u00e2ndurile \u015fi sufletul de c\u0103ldura prim\u0103verii. La mul\u0163i ani, tuturor femeilor!<\/p>\n<p style=\"text-align: right;\"><strong>Prim\u0103ria Negra\u015fi,<br \/>\n<\/strong><strong>\u00a0primar Nicolae Radu \u00a0(AG)<\/strong><\/p>\n","protected":false},"excerpt":{"rendered":"<p>Ziua asta s\u0103 fie un prilej de bucurie pentru voi toate, s\u0103 sim\u0163i\u0163i mai pu\u0163in ap\u0103sarea grijilor \u015fi s\u0103 vi se umple g\u00e2ndurile \u015fi sufletul de c\u0103ldura prim\u0103verii. La mul\u0163i ani, tuturor femeilor! Prim\u0103ria Negra\u015fi, \u00a0primar Nicolae Radu \u00a0(AG)<\/p>\n","protected":false},"author":2,"featured_media":2500,"comment_status":"closed","ping_status":"open","sticky":false,"template":"","format":"standard","meta":{"footnotes":""},"categories":[4],"tags":[],"class_list":{"0":"post-2499","1":"post","2":"type-post","3":"status-publish","4":"format-standard","5":"has-post-thumbnail","7":"category-felicitari"},"_links":{"self":[{"href":"https:\/\/www.editiespecialapress.ro\/newtest\/wp-json\/wp\/v2\/posts\/2499","targetHints":{"allow":["GET"]}}],"collection":[{"href":"https:\/\/www.editiespecialapress.ro\/newtest\/wp-json\/wp\/v2\/posts"}],"about":[{"href":"https:\/\/www.editiespecialapress.ro\/newtest\/wp-json\/wp\/v2\/types\/post"}],"author":[{"embeddable":true,"href":"https:\/\/www.editiespecialapress.ro\/newtest\/wp-json\/wp\/v2\/users\/2"}],"replies":[{"embeddable":true,"href":"https:\/\/www.editiespecialapress.ro\/newtest\/wp-json\/wp\/v2\/comments?post=2499"}],"version-history":[{"count":0,"href":"https:\/\/www.editiespecialapress.ro\/newtest\/wp-json\/wp\/v2\/posts\/2499\/revisions"}],"wp:featuredmedia":[{"embeddable":true,"href":"https:\/\/www.editiespecialapress.ro\/newtest\/wp-json\/"}],"wp:attachment":[{"href":"https:\/\/www.editiespecialapress.ro\/newtest\/wp-json\/wp\/v2\/media?parent=2499"}],"wp:term":[{"taxonomy":"category","embeddable":true,"href":"https:\/\/www.editiespecialapress.ro\/newtest\/wp-json\/wp\/v2\/categories?post=2499"},{"taxonomy":"post_tag","embeddable":true,"href":"https:\/\/www.editiespecialapress.ro\/newtest\/wp-json\/wp\/v2\/tags?post=2499"}],"curies":[{"name":"wp","href":"https:\/\/api.w.org\/{rel}","templated":true}]}}