{"id":2502,"date":"2015-03-01T20:36:14","date_gmt":"2015-03-01T20:36:14","guid":{"rendered":"http:\/\/www.editiespecialapress.ro\/?p=2502"},"modified":"2015-03-01T20:36:14","modified_gmt":"2015-03-01T20:36:14","slug":"urare-8-martie-primaria-bogati","status":"publish","type":"post","link":"https:\/\/www.editiespecialapress.ro\/newtest\/2015\/03\/01\/urare-8-martie-primaria-bogati\/","title":{"rendered":"Urare 8 Martie Primaria Bogati"},"content":{"rendered":"<p>V\u0103 dorim ca r\u0103s\u0103ritul soarelui s\u0103 v\u0103 aduc\u0103 peste zi \u00eemplinirea viselor al\u0103turi de tot ceea ce poate fi mai pur, mai sincer, mai curat. Un 8 Martie \u00eensorit! La mul\u0163i ani, tuturor femeilor!<\/p>\n<p style=\"text-align: right;\"><strong>Prim\u0103ria Boga\u0163i,<br \/>\nprimar G\u00e2rleanu Ion (AG)<\/strong><\/p>\n","protected":false},"excerpt":{"rendered":"<p>V\u0103 dorim ca r\u0103s\u0103ritul soarelui s\u0103 v\u0103 aduc\u0103 peste zi \u00eemplinirea viselor al\u0103turi de tot ceea ce poate fi mai pur, mai sincer, mai curat. Un 8 Martie \u00eensorit! La mul\u0163i ani, tuturor femeilor! Prim\u0103ria Boga\u0163i, primar G\u00e2rleanu Ion (AG)<\/p>\n","protected":false},"author":2,"featured_media":2503,"comment_status":"closed","ping_status":"open","sticky":false,"template":"","format":"standard","meta":{"footnotes":""},"categories":[4],"tags":[],"class_list":{"0":"post-2502","1":"post","2":"type-post","3":"status-publish","4":"format-standard","5":"has-post-thumbnail","7":"category-felicitari"},"_links":{"self":[{"href":"https:\/\/www.editiespecialapress.ro\/newtest\/wp-json\/wp\/v2\/posts\/2502","targetHints":{"allow":["GET"]}}],"collection":[{"href":"https:\/\/www.editiespecialapress.ro\/newtest\/wp-json\/wp\/v2\/posts"}],"about":[{"href":"https:\/\/www.editiespecialapress.ro\/newtest\/wp-json\/wp\/v2\/types\/post"}],"author":[{"embeddable":true,"href":"https:\/\/www.editiespecialapress.ro\/newtest\/wp-json\/wp\/v2\/users\/2"}],"replies":[{"embeddable":true,"href":"https:\/\/www.editiespecialapress.ro\/newtest\/wp-json\/wp\/v2\/comments?post=2502"}],"version-history":[{"count":0,"href":"https:\/\/www.editiespecialapress.ro\/newtest\/wp-json\/wp\/v2\/posts\/2502\/revisions"}],"wp:featuredmedia":[{"embeddable":true,"href":"https:\/\/www.editiespecialapress.ro\/newtest\/wp-json\/"}],"wp:attachment":[{"href":"https:\/\/www.editiespecialapress.ro\/newtest\/wp-json\/wp\/v2\/media?parent=2502"}],"wp:term":[{"taxonomy":"category","embeddable":true,"href":"https:\/\/www.editiespecialapress.ro\/newtest\/wp-json\/wp\/v2\/categories?post=2502"},{"taxonomy":"post_tag","embeddable":true,"href":"https:\/\/www.editiespecialapress.ro\/newtest\/wp-json\/wp\/v2\/tags?post=2502"}],"curies":[{"name":"wp","href":"https:\/\/api.w.org\/{rel}","templated":true}]}}