{"id":2506,"date":"2015-03-01T20:40:04","date_gmt":"2015-03-01T20:40:04","guid":{"rendered":"http:\/\/www.editiespecialapress.ro\/?p=2506"},"modified":"2015-03-01T20:40:04","modified_gmt":"2015-03-01T20:40:04","slug":"urare-8-martie-primaria-stefanesti","status":"publish","type":"post","link":"https:\/\/www.editiespecialapress.ro\/newtest\/2015\/03\/01\/urare-8-martie-primaria-stefanesti\/","title":{"rendered":"Urare 8 Martie Primaria Stefanesti"},"content":{"rendered":"<p>Fie ca toate \u00eemplinirile frumoase, s\u0103n\u0103tatea \u0219i spiritul acestei zile s\u0103 v\u0103 \u00eenso\u021beasc\u0103 pretutindeni. Fie ca prim\u0103vara iubirii s\u0103 v\u0103 inunde sufletul cu bucurie \u0219i cu parfumul tuturor florilor sale. V\u0103 dorim un 8 Martie c\u00e2t mai frumos. La mul\u0163i ani, tuturor femeilor!<\/p>\n<p style=\"text-align: right;\"><strong>Prim\u0103ria \u015etef\u0103ne\u015fti,<br \/>\n<\/strong><strong>\u00a0primar Dorin B\u0103rbuceanu (AG<\/strong>)<\/p>\n","protected":false},"excerpt":{"rendered":"<p>Fie ca toate \u00eemplinirile frumoase, s\u0103n\u0103tatea \u0219i spiritul acestei zile s\u0103 v\u0103 \u00eenso\u021beasc\u0103 pretutindeni. Fie ca prim\u0103vara iubirii s\u0103 v\u0103 inunde sufletul cu bucurie \u0219i cu parfumul tuturor florilor sale. V\u0103 dorim un 8 Martie c\u00e2t mai frumos. La mul\u0163i ani, tuturor femeilor! Prim\u0103ria \u015etef\u0103ne\u015fti, \u00a0primar Dorin B\u0103rbuceanu (AG)<\/p>\n","protected":false},"author":2,"featured_media":2507,"comment_status":"closed","ping_status":"open","sticky":false,"template":"","format":"standard","meta":{"footnotes":""},"categories":[4],"tags":[],"class_list":{"0":"post-2506","1":"post","2":"type-post","3":"status-publish","4":"format-standard","5":"has-post-thumbnail","7":"category-felicitari"},"_links":{"self":[{"href":"https:\/\/www.editiespecialapress.ro\/newtest\/wp-json\/wp\/v2\/posts\/2506","targetHints":{"allow":["GET"]}}],"collection":[{"href":"https:\/\/www.editiespecialapress.ro\/newtest\/wp-json\/wp\/v2\/posts"}],"about":[{"href":"https:\/\/www.editiespecialapress.ro\/newtest\/wp-json\/wp\/v2\/types\/post"}],"author":[{"embeddable":true,"href":"https:\/\/www.editiespecialapress.ro\/newtest\/wp-json\/wp\/v2\/users\/2"}],"replies":[{"embeddable":true,"href":"https:\/\/www.editiespecialapress.ro\/newtest\/wp-json\/wp\/v2\/comments?post=2506"}],"version-history":[{"count":0,"href":"https:\/\/www.editiespecialapress.ro\/newtest\/wp-json\/wp\/v2\/posts\/2506\/revisions"}],"wp:featuredmedia":[{"embeddable":true,"href":"https:\/\/www.editiespecialapress.ro\/newtest\/wp-json\/"}],"wp:attachment":[{"href":"https:\/\/www.editiespecialapress.ro\/newtest\/wp-json\/wp\/v2\/media?parent=2506"}],"wp:term":[{"taxonomy":"category","embeddable":true,"href":"https:\/\/www.editiespecialapress.ro\/newtest\/wp-json\/wp\/v2\/categories?post=2506"},{"taxonomy":"post_tag","embeddable":true,"href":"https:\/\/www.editiespecialapress.ro\/newtest\/wp-json\/wp\/v2\/tags?post=2506"}],"curies":[{"name":"wp","href":"https:\/\/api.w.org\/{rel}","templated":true}]}}