{"id":2511,"date":"2015-03-01T20:46:16","date_gmt":"2015-03-01T20:46:16","guid":{"rendered":"http:\/\/www.editiespecialapress.ro\/?p=2511"},"modified":"2015-03-01T20:46:16","modified_gmt":"2015-03-01T20:46:16","slug":"urare-8-martie-redactia-editie-speciala-press","status":"publish","type":"post","link":"https:\/\/www.editiespecialapress.ro\/newtest\/2015\/03\/01\/urare-8-martie-redactia-editie-speciala-press\/","title":{"rendered":"Urare 8 Martie Redactia Editie Speciala Press"},"content":{"rendered":"<p>Aceast\u0103 zi este o ocazie deosebit\u0103 s\u0103 v\u0103 aducem cele mai sincere \u0219i frumoase ur\u0103ri de bine, s\u0103n\u0103tate, prosperitate dumnevoastr\u0103 care sunte\u021bi at\u00e2t de drage pentru fiecare dintre noi. 8 MARTIE\u00a0 fericit. La mu\u0163i ani, tuturor femeilor!<\/p>\n<p style=\"text-align: right;\"><strong>Redac\u0163ia Edi\u0163ie Special\u0103 Press,<br \/>\ndirector gnr. Ratea Iulian<\/strong><\/p>\n","protected":false},"excerpt":{"rendered":"<p>Aceast\u0103 zi este o ocazie deosebit\u0103 s\u0103 v\u0103 aducem cele mai sincere \u0219i frumoase ur\u0103ri de bine, s\u0103n\u0103tate, prosperitate dumnevoastr\u0103 care sunte\u021bi at\u00e2t de drage pentru fiecare dintre noi. 8 MARTIE\u00a0 fericit. La mu\u0163i ani, tuturor femeilor! Redac\u0163ia Edi\u0163ie Special\u0103 Press, director gnr. Ratea Iulian<\/p>\n","protected":false},"author":2,"featured_media":2512,"comment_status":"closed","ping_status":"open","sticky":false,"template":"","format":"standard","meta":{"footnotes":""},"categories":[4],"tags":[],"class_list":{"0":"post-2511","1":"post","2":"type-post","3":"status-publish","4":"format-standard","5":"has-post-thumbnail","7":"category-felicitari"},"_links":{"self":[{"href":"https:\/\/www.editiespecialapress.ro\/newtest\/wp-json\/wp\/v2\/posts\/2511","targetHints":{"allow":["GET"]}}],"collection":[{"href":"https:\/\/www.editiespecialapress.ro\/newtest\/wp-json\/wp\/v2\/posts"}],"about":[{"href":"https:\/\/www.editiespecialapress.ro\/newtest\/wp-json\/wp\/v2\/types\/post"}],"author":[{"embeddable":true,"href":"https:\/\/www.editiespecialapress.ro\/newtest\/wp-json\/wp\/v2\/users\/2"}],"replies":[{"embeddable":true,"href":"https:\/\/www.editiespecialapress.ro\/newtest\/wp-json\/wp\/v2\/comments?post=2511"}],"version-history":[{"count":0,"href":"https:\/\/www.editiespecialapress.ro\/newtest\/wp-json\/wp\/v2\/posts\/2511\/revisions"}],"wp:featuredmedia":[{"embeddable":true,"href":"https:\/\/www.editiespecialapress.ro\/newtest\/wp-json\/"}],"wp:attachment":[{"href":"https:\/\/www.editiespecialapress.ro\/newtest\/wp-json\/wp\/v2\/media?parent=2511"}],"wp:term":[{"taxonomy":"category","embeddable":true,"href":"https:\/\/www.editiespecialapress.ro\/newtest\/wp-json\/wp\/v2\/categories?post=2511"},{"taxonomy":"post_tag","embeddable":true,"href":"https:\/\/www.editiespecialapress.ro\/newtest\/wp-json\/wp\/v2\/tags?post=2511"}],"curies":[{"name":"wp","href":"https:\/\/api.w.org\/{rel}","templated":true}]}}