{"id":2587,"date":"2015-04-05T19:22:14","date_gmt":"2015-04-05T19:22:14","guid":{"rendered":"http:\/\/www.editiespecialapress.ro\/?p=2587"},"modified":"2015-04-05T19:22:14","modified_gmt":"2015-04-05T19:22:14","slug":"urare-paste-2015-primaria-comunei-rociu","status":"publish","type":"post","link":"https:\/\/www.editiespecialapress.ro\/newtest\/2015\/04\/05\/urare-paste-2015-primaria-comunei-rociu\/","title":{"rendered":"Urare Paste 2015 &#8211; Prim\u0103ria comunei Rociu"},"content":{"rendered":"<p>S\u0103rb\u0103toarea Sf\u00e2nt\u0103 a \u00cenvierii Domnului s\u0103 reverse asupra voastr\u0103 s\u0103n\u0103tate, bel\u015fug \u015fi bucurii, iar Lumina din Noaptea Sf\u00e2nt\u0103 s\u0103 v\u0103 ridice sufletele spre noi trepte spirituale \u015fi s\u0103 v\u0103 \u00eenso\u0163easc\u0103 pa\u015fii pe drumul vie\u0163ii. Pa\u015fte fericit!<\/p>\n<p style=\"text-align: right;\"><strong>Prim\u0103ria comunei Rociu, <\/strong><br \/>\n<strong>primar B\u0103l\u0103\u015foiu Aurel (AG)<\/strong><\/p>\n","protected":false},"excerpt":{"rendered":"<p>S\u0103rb\u0103toarea Sf\u00e2nt\u0103 a \u00cenvierii Domnului s\u0103 reverse asupra voastr\u0103 s\u0103n\u0103tate, bel\u015fug \u015fi bucurii, iar Lumina din Noaptea Sf\u00e2nt\u0103 s\u0103 v\u0103 ridice sufletele spre noi trepte spirituale \u015fi s\u0103 v\u0103 \u00eenso\u0163easc\u0103 pa\u015fii pe drumul vie\u0163ii. Pa\u015fte fericit! Prim\u0103ria comunei Rociu, primar B\u0103l\u0103\u015foiu Aurel (AG)<\/p>\n","protected":false},"author":2,"featured_media":2588,"comment_status":"closed","ping_status":"open","sticky":false,"template":"","format":"standard","meta":{"footnotes":""},"categories":[4],"tags":[],"class_list":{"0":"post-2587","1":"post","2":"type-post","3":"status-publish","4":"format-standard","5":"has-post-thumbnail","7":"category-felicitari"},"_links":{"self":[{"href":"https:\/\/www.editiespecialapress.ro\/newtest\/wp-json\/wp\/v2\/posts\/2587","targetHints":{"allow":["GET"]}}],"collection":[{"href":"https:\/\/www.editiespecialapress.ro\/newtest\/wp-json\/wp\/v2\/posts"}],"about":[{"href":"https:\/\/www.editiespecialapress.ro\/newtest\/wp-json\/wp\/v2\/types\/post"}],"author":[{"embeddable":true,"href":"https:\/\/www.editiespecialapress.ro\/newtest\/wp-json\/wp\/v2\/users\/2"}],"replies":[{"embeddable":true,"href":"https:\/\/www.editiespecialapress.ro\/newtest\/wp-json\/wp\/v2\/comments?post=2587"}],"version-history":[{"count":0,"href":"https:\/\/www.editiespecialapress.ro\/newtest\/wp-json\/wp\/v2\/posts\/2587\/revisions"}],"wp:featuredmedia":[{"embeddable":true,"href":"https:\/\/www.editiespecialapress.ro\/newtest\/wp-json\/"}],"wp:attachment":[{"href":"https:\/\/www.editiespecialapress.ro\/newtest\/wp-json\/wp\/v2\/media?parent=2587"}],"wp:term":[{"taxonomy":"category","embeddable":true,"href":"https:\/\/www.editiespecialapress.ro\/newtest\/wp-json\/wp\/v2\/categories?post=2587"},{"taxonomy":"post_tag","embeddable":true,"href":"https:\/\/www.editiespecialapress.ro\/newtest\/wp-json\/wp\/v2\/tags?post=2587"}],"curies":[{"name":"wp","href":"https:\/\/api.w.org\/{rel}","templated":true}]}}