{"id":2590,"date":"2015-04-05T19:23:37","date_gmt":"2015-04-05T19:23:37","guid":{"rendered":"http:\/\/www.editiespecialapress.ro\/?p=2590"},"modified":"2015-04-05T19:23:37","modified_gmt":"2015-04-05T19:23:37","slug":"urare-paste-2015-primaria-comunei-albestii-de-arges","status":"publish","type":"post","link":"https:\/\/www.editiespecialapress.ro\/newtest\/2015\/04\/05\/urare-paste-2015-primaria-comunei-albestii-de-arges\/","title":{"rendered":"Urare Paste 2015 &#8211; Prim\u0103ria comunei Albe\u015ftii de Arge\u015f"},"content":{"rendered":"<p>Fie ca spiritul Sf\u00e2nt al S\u0103rb\u0103torilor de Pa\u015fte s\u0103 v\u0103 lumineze sufletele \u015fi casele! Dumnezeu s\u0103 v\u0103 binecuv\u00e2nteze \u015fi s\u0103 v\u0103 ocroteasc\u0103! Pa\u015fte fericit!<\/p>\n<p style=\"text-align: right;\"><strong>Prim\u0103ria comunei Albe\u015ftii de Arge\u015f, <\/strong><br \/>\n<strong>primar Sava Vasile (AG)<\/strong><\/p>\n","protected":false},"excerpt":{"rendered":"<p>Fie ca spiritul Sf\u00e2nt al S\u0103rb\u0103torilor de Pa\u015fte s\u0103 v\u0103 lumineze sufletele \u015fi casele! Dumnezeu s\u0103 v\u0103 binecuv\u00e2nteze \u015fi s\u0103 v\u0103 ocroteasc\u0103! Pa\u015fte fericit! Prim\u0103ria comunei Albe\u015ftii de Arge\u015f, primar Sava Vasile (AG)<\/p>\n","protected":false},"author":2,"featured_media":2591,"comment_status":"closed","ping_status":"open","sticky":false,"template":"","format":"standard","meta":{"footnotes":""},"categories":[4],"tags":[],"class_list":{"0":"post-2590","1":"post","2":"type-post","3":"status-publish","4":"format-standard","5":"has-post-thumbnail","7":"category-felicitari"},"_links":{"self":[{"href":"https:\/\/www.editiespecialapress.ro\/newtest\/wp-json\/wp\/v2\/posts\/2590","targetHints":{"allow":["GET"]}}],"collection":[{"href":"https:\/\/www.editiespecialapress.ro\/newtest\/wp-json\/wp\/v2\/posts"}],"about":[{"href":"https:\/\/www.editiespecialapress.ro\/newtest\/wp-json\/wp\/v2\/types\/post"}],"author":[{"embeddable":true,"href":"https:\/\/www.editiespecialapress.ro\/newtest\/wp-json\/wp\/v2\/users\/2"}],"replies":[{"embeddable":true,"href":"https:\/\/www.editiespecialapress.ro\/newtest\/wp-json\/wp\/v2\/comments?post=2590"}],"version-history":[{"count":0,"href":"https:\/\/www.editiespecialapress.ro\/newtest\/wp-json\/wp\/v2\/posts\/2590\/revisions"}],"wp:featuredmedia":[{"embeddable":true,"href":"https:\/\/www.editiespecialapress.ro\/newtest\/wp-json\/"}],"wp:attachment":[{"href":"https:\/\/www.editiespecialapress.ro\/newtest\/wp-json\/wp\/v2\/media?parent=2590"}],"wp:term":[{"taxonomy":"category","embeddable":true,"href":"https:\/\/www.editiespecialapress.ro\/newtest\/wp-json\/wp\/v2\/categories?post=2590"},{"taxonomy":"post_tag","embeddable":true,"href":"https:\/\/www.editiespecialapress.ro\/newtest\/wp-json\/wp\/v2\/tags?post=2590"}],"curies":[{"name":"wp","href":"https:\/\/api.w.org\/{rel}","templated":true}]}}