{"id":2593,"date":"2015-04-05T19:25:11","date_gmt":"2015-04-05T19:25:11","guid":{"rendered":"http:\/\/www.editiespecialapress.ro\/?p=2593"},"modified":"2015-04-05T19:25:11","modified_gmt":"2015-04-05T19:25:11","slug":"urare-paste-2015-primaria-comunei-darmanesti","status":"publish","type":"post","link":"https:\/\/www.editiespecialapress.ro\/newtest\/2015\/04\/05\/urare-paste-2015-primaria-comunei-darmanesti\/","title":{"rendered":"Urare Paste 2015 &#8211; Prim\u0103ria comunei D\u00e2rm\u0103ne\u015fti"},"content":{"rendered":"<p>Fie ca lumina \u00cenvierii M\u00e2ntuitorului s\u0103 v\u0103 inunde casa \u015fi s\u0103 v\u0103 aduc\u0103 numai armonie, fericire \u015fi mult\u0103 iubire. Pa\u015fte fericit!<\/p>\n<p style=\"text-align: right;\"><strong>Prim\u0103ria comunei D\u00e2rm\u0103ne\u015fti, <\/strong><br \/>\n<strong>primar Ciolan Emilian (AG)<\/strong><\/p>\n","protected":false},"excerpt":{"rendered":"<p>Fie ca lumina \u00cenvierii M\u00e2ntuitorului s\u0103 v\u0103 inunde casa \u015fi s\u0103 v\u0103 aduc\u0103 numai armonie, fericire \u015fi mult\u0103 iubire. Pa\u015fte fericit! Prim\u0103ria comunei D\u00e2rm\u0103ne\u015fti, primar Ciolan Emilian (AG)<\/p>\n","protected":false},"author":2,"featured_media":2594,"comment_status":"closed","ping_status":"open","sticky":false,"template":"","format":"standard","meta":{"footnotes":""},"categories":[4],"tags":[],"class_list":{"0":"post-2593","1":"post","2":"type-post","3":"status-publish","4":"format-standard","5":"has-post-thumbnail","7":"category-felicitari"},"_links":{"self":[{"href":"https:\/\/www.editiespecialapress.ro\/newtest\/wp-json\/wp\/v2\/posts\/2593","targetHints":{"allow":["GET"]}}],"collection":[{"href":"https:\/\/www.editiespecialapress.ro\/newtest\/wp-json\/wp\/v2\/posts"}],"about":[{"href":"https:\/\/www.editiespecialapress.ro\/newtest\/wp-json\/wp\/v2\/types\/post"}],"author":[{"embeddable":true,"href":"https:\/\/www.editiespecialapress.ro\/newtest\/wp-json\/wp\/v2\/users\/2"}],"replies":[{"embeddable":true,"href":"https:\/\/www.editiespecialapress.ro\/newtest\/wp-json\/wp\/v2\/comments?post=2593"}],"version-history":[{"count":0,"href":"https:\/\/www.editiespecialapress.ro\/newtest\/wp-json\/wp\/v2\/posts\/2593\/revisions"}],"wp:featuredmedia":[{"embeddable":true,"href":"https:\/\/www.editiespecialapress.ro\/newtest\/wp-json\/"}],"wp:attachment":[{"href":"https:\/\/www.editiespecialapress.ro\/newtest\/wp-json\/wp\/v2\/media?parent=2593"}],"wp:term":[{"taxonomy":"category","embeddable":true,"href":"https:\/\/www.editiespecialapress.ro\/newtest\/wp-json\/wp\/v2\/categories?post=2593"},{"taxonomy":"post_tag","embeddable":true,"href":"https:\/\/www.editiespecialapress.ro\/newtest\/wp-json\/wp\/v2\/tags?post=2593"}],"curies":[{"name":"wp","href":"https:\/\/api.w.org\/{rel}","templated":true}]}}