{"id":2600,"date":"2015-04-05T19:28:41","date_gmt":"2015-04-05T19:28:41","guid":{"rendered":"http:\/\/www.editiespecialapress.ro\/?p=2600"},"modified":"2015-04-05T19:28:41","modified_gmt":"2015-04-05T19:28:41","slug":"urare-paste-2015-primaria-comunei-poiana-lacului","status":"publish","type":"post","link":"https:\/\/www.editiespecialapress.ro\/newtest\/2015\/04\/05\/urare-paste-2015-primaria-comunei-poiana-lacului\/","title":{"rendered":"Urare Paste 2015 &#8211; Prim\u0103ria comunei Poiana Lacului"},"content":{"rendered":"<p>\u00cenvierea Domnului s\u0103 v\u0103 aduc\u0103 armonie \u00een cas\u0103 \u015fi \u00een g\u00e2nd, \u00eemp\u0103care \u015fi reg\u0103sirea \u00een\u0163elepciunii \u00een s\u00e2nul familiei.\u00a0 Pa\u015fte fericit!<\/p>\n<p style=\"text-align: right;\"><strong>Prim\u0103ria comunei\u00a0 Poiana Lacului, <\/strong><br \/>\n<strong>primar\u00a0 Dumitrache Ion (AG)\u00a0<\/strong><\/p>\n","protected":false},"excerpt":{"rendered":"<p>\u00cenvierea Domnului s\u0103 v\u0103 aduc\u0103 armonie \u00een cas\u0103 \u015fi \u00een g\u00e2nd, \u00eemp\u0103care \u015fi reg\u0103sirea \u00een\u0163elepciunii \u00een s\u00e2nul familiei.\u00a0 Pa\u015fte fericit! Prim\u0103ria comunei\u00a0 Poiana Lacului, primar\u00a0 Dumitrache Ion (AG)\u00a0<\/p>\n","protected":false},"author":2,"featured_media":2601,"comment_status":"closed","ping_status":"open","sticky":false,"template":"","format":"standard","meta":{"footnotes":""},"categories":[4],"tags":[],"class_list":{"0":"post-2600","1":"post","2":"type-post","3":"status-publish","4":"format-standard","5":"has-post-thumbnail","7":"category-felicitari"},"_links":{"self":[{"href":"https:\/\/www.editiespecialapress.ro\/newtest\/wp-json\/wp\/v2\/posts\/2600","targetHints":{"allow":["GET"]}}],"collection":[{"href":"https:\/\/www.editiespecialapress.ro\/newtest\/wp-json\/wp\/v2\/posts"}],"about":[{"href":"https:\/\/www.editiespecialapress.ro\/newtest\/wp-json\/wp\/v2\/types\/post"}],"author":[{"embeddable":true,"href":"https:\/\/www.editiespecialapress.ro\/newtest\/wp-json\/wp\/v2\/users\/2"}],"replies":[{"embeddable":true,"href":"https:\/\/www.editiespecialapress.ro\/newtest\/wp-json\/wp\/v2\/comments?post=2600"}],"version-history":[{"count":0,"href":"https:\/\/www.editiespecialapress.ro\/newtest\/wp-json\/wp\/v2\/posts\/2600\/revisions"}],"wp:featuredmedia":[{"embeddable":true,"href":"https:\/\/www.editiespecialapress.ro\/newtest\/wp-json\/"}],"wp:attachment":[{"href":"https:\/\/www.editiespecialapress.ro\/newtest\/wp-json\/wp\/v2\/media?parent=2600"}],"wp:term":[{"taxonomy":"category","embeddable":true,"href":"https:\/\/www.editiespecialapress.ro\/newtest\/wp-json\/wp\/v2\/categories?post=2600"},{"taxonomy":"post_tag","embeddable":true,"href":"https:\/\/www.editiespecialapress.ro\/newtest\/wp-json\/wp\/v2\/tags?post=2600"}],"curies":[{"name":"wp","href":"https:\/\/api.w.org\/{rel}","templated":true}]}}