{"id":2603,"date":"2015-04-05T19:29:48","date_gmt":"2015-04-05T19:29:48","guid":{"rendered":"http:\/\/www.editiespecialapress.ro\/?p=2603"},"modified":"2015-04-05T19:29:48","modified_gmt":"2015-04-05T19:29:48","slug":"urare-paste-2015-primaria-comunei","status":"publish","type":"post","link":"https:\/\/www.editiespecialapress.ro\/newtest\/2015\/04\/05\/urare-paste-2015-primaria-comunei\/","title":{"rendered":"Urare Paste 2015 &#8211; Prim\u0103ria comunei Negra\u015fi"},"content":{"rendered":"<p>Lumina Sfintei \u00cenvieri s\u0103 p\u0103trund\u0103 \u00een sufletul \u015fi \u00een inimile voastre bucur\u00e2ndu-v\u0103 de minunea \u00cenvierii Domnului nostru Iisus Hristos! Pa\u015fte fericit!<\/p>\n<p style=\"text-align: right;\"><strong>Prim\u0103ria comunei Negra\u015fi, <\/strong><br \/>\n<strong>primar Nicolae Radu (AG)<\/strong><\/p>\n","protected":false},"excerpt":{"rendered":"<p>Lumina Sfintei \u00cenvieri s\u0103 p\u0103trund\u0103 \u00een sufletul \u015fi \u00een inimile voastre bucur\u00e2ndu-v\u0103 de minunea \u00cenvierii Domnului nostru Iisus Hristos! Pa\u015fte fericit! Prim\u0103ria comunei Negra\u015fi, primar Nicolae Radu (AG)<\/p>\n","protected":false},"author":2,"featured_media":2604,"comment_status":"closed","ping_status":"open","sticky":false,"template":"","format":"standard","meta":{"footnotes":""},"categories":[4],"tags":[],"class_list":{"0":"post-2603","1":"post","2":"type-post","3":"status-publish","4":"format-standard","5":"has-post-thumbnail","7":"category-felicitari"},"_links":{"self":[{"href":"https:\/\/www.editiespecialapress.ro\/newtest\/wp-json\/wp\/v2\/posts\/2603","targetHints":{"allow":["GET"]}}],"collection":[{"href":"https:\/\/www.editiespecialapress.ro\/newtest\/wp-json\/wp\/v2\/posts"}],"about":[{"href":"https:\/\/www.editiespecialapress.ro\/newtest\/wp-json\/wp\/v2\/types\/post"}],"author":[{"embeddable":true,"href":"https:\/\/www.editiespecialapress.ro\/newtest\/wp-json\/wp\/v2\/users\/2"}],"replies":[{"embeddable":true,"href":"https:\/\/www.editiespecialapress.ro\/newtest\/wp-json\/wp\/v2\/comments?post=2603"}],"version-history":[{"count":0,"href":"https:\/\/www.editiespecialapress.ro\/newtest\/wp-json\/wp\/v2\/posts\/2603\/revisions"}],"wp:featuredmedia":[{"embeddable":true,"href":"https:\/\/www.editiespecialapress.ro\/newtest\/wp-json\/"}],"wp:attachment":[{"href":"https:\/\/www.editiespecialapress.ro\/newtest\/wp-json\/wp\/v2\/media?parent=2603"}],"wp:term":[{"taxonomy":"category","embeddable":true,"href":"https:\/\/www.editiespecialapress.ro\/newtest\/wp-json\/wp\/v2\/categories?post=2603"},{"taxonomy":"post_tag","embeddable":true,"href":"https:\/\/www.editiespecialapress.ro\/newtest\/wp-json\/wp\/v2\/tags?post=2603"}],"curies":[{"name":"wp","href":"https:\/\/api.w.org\/{rel}","templated":true}]}}