{"id":2616,"date":"2015-04-06T19:35:05","date_gmt":"2015-04-06T19:35:05","guid":{"rendered":"http:\/\/www.editiespecialapress.ro\/?p=2616"},"modified":"2015-04-06T19:35:05","modified_gmt":"2015-04-06T19:35:05","slug":"urare-paste-2015-primaria-suici","status":"publish","type":"post","link":"https:\/\/www.editiespecialapress.ro\/newtest\/2015\/04\/06\/urare-paste-2015-primaria-suici\/","title":{"rendered":"Urare Paste 2015 Primaria Suici"},"content":{"rendered":"<p>E at\u00e2ta lumin\u0103 \u00een jur, pentru fiecare dintre noi. L\u0103sa\u021bi lumina s\u0103 intre \u00een casa sufletului \u015fi v\u0103 vei sim\u0163i cu adev\u0103rat \u00eempliniti. Pa\u0219te Fericit!<\/p>\n<p style=\"text-align: right;\"><strong>Primaria comunei Suici,<\/strong><br \/>\n<strong>primar Iatagan Constantin (AG)<\/strong><\/p>\n","protected":false},"excerpt":{"rendered":"<p>E at\u00e2ta lumin\u0103 \u00een jur, pentru fiecare dintre noi. L\u0103sa\u021bi lumina s\u0103 intre \u00een casa sufletului \u015fi v\u0103 vei sim\u0163i cu adev\u0103rat \u00eempliniti. Pa\u0219te Fericit! Primaria comunei Suici, primar Iatagan Constantin (AG)<\/p>\n","protected":false},"author":2,"featured_media":2617,"comment_status":"closed","ping_status":"open","sticky":false,"template":"","format":"standard","meta":{"footnotes":""},"categories":[4],"tags":[],"class_list":{"0":"post-2616","1":"post","2":"type-post","3":"status-publish","4":"format-standard","5":"has-post-thumbnail","7":"category-felicitari"},"_links":{"self":[{"href":"https:\/\/www.editiespecialapress.ro\/newtest\/wp-json\/wp\/v2\/posts\/2616","targetHints":{"allow":["GET"]}}],"collection":[{"href":"https:\/\/www.editiespecialapress.ro\/newtest\/wp-json\/wp\/v2\/posts"}],"about":[{"href":"https:\/\/www.editiespecialapress.ro\/newtest\/wp-json\/wp\/v2\/types\/post"}],"author":[{"embeddable":true,"href":"https:\/\/www.editiespecialapress.ro\/newtest\/wp-json\/wp\/v2\/users\/2"}],"replies":[{"embeddable":true,"href":"https:\/\/www.editiespecialapress.ro\/newtest\/wp-json\/wp\/v2\/comments?post=2616"}],"version-history":[{"count":0,"href":"https:\/\/www.editiespecialapress.ro\/newtest\/wp-json\/wp\/v2\/posts\/2616\/revisions"}],"wp:featuredmedia":[{"embeddable":true,"href":"https:\/\/www.editiespecialapress.ro\/newtest\/wp-json\/"}],"wp:attachment":[{"href":"https:\/\/www.editiespecialapress.ro\/newtest\/wp-json\/wp\/v2\/media?parent=2616"}],"wp:term":[{"taxonomy":"category","embeddable":true,"href":"https:\/\/www.editiespecialapress.ro\/newtest\/wp-json\/wp\/v2\/categories?post=2616"},{"taxonomy":"post_tag","embeddable":true,"href":"https:\/\/www.editiespecialapress.ro\/newtest\/wp-json\/wp\/v2\/tags?post=2616"}],"curies":[{"name":"wp","href":"https:\/\/api.w.org\/{rel}","templated":true}]}}