{"id":2629,"date":"2015-04-07T13:32:41","date_gmt":"2015-04-07T13:32:41","guid":{"rendered":"http:\/\/www.editiespecialapress.ro\/?p=2629"},"modified":"2015-04-07T13:32:41","modified_gmt":"2015-04-07T13:32:41","slug":"urare-de-paste-2015-primaria-slobozia","status":"publish","type":"post","link":"https:\/\/www.editiespecialapress.ro\/newtest\/2015\/04\/07\/urare-de-paste-2015-primaria-slobozia\/","title":{"rendered":"Urare de Paste 2015 Primaria Slobozia"},"content":{"rendered":"<p>Fie ca Lumina Sf\u00e2nta a acestei mari s\u0103rbatori s\u0103 v\u0103 c\u0103l\u0103uzeasc\u0103 pa\u015fii, s\u0103 v\u0103 aduc\u0103 s\u0103n\u0103tate \u015fi fericire care s\u0103 d\u0103inuie ve\u015fnic \u00een preajm\u0103! Un Pa\u015fte fericit al\u0103turi de cei dragi!<\/p>\n<p style=\"text-align: right;\"><strong>Prim\u0103ria comunei Slobozia,<\/strong><br \/>\n<strong>primar Ni\u0163u Alexandru(AG)<\/strong><\/p>\n","protected":false},"excerpt":{"rendered":"<p>Fie ca Lumina Sf\u00e2nta a acestei mari s\u0103rbatori s\u0103 v\u0103 c\u0103l\u0103uzeasc\u0103 pa\u015fii, s\u0103 v\u0103 aduc\u0103 s\u0103n\u0103tate \u015fi fericire care s\u0103 d\u0103inuie ve\u015fnic \u00een preajm\u0103! Un Pa\u015fte fericit al\u0103turi de cei dragi! Prim\u0103ria comunei Slobozia, primar Ni\u0163u Alexandru(AG)<\/p>\n","protected":false},"author":2,"featured_media":2630,"comment_status":"closed","ping_status":"open","sticky":false,"template":"","format":"standard","meta":{"footnotes":""},"categories":[4],"tags":[],"class_list":{"0":"post-2629","1":"post","2":"type-post","3":"status-publish","4":"format-standard","5":"has-post-thumbnail","7":"category-felicitari"},"_links":{"self":[{"href":"https:\/\/www.editiespecialapress.ro\/newtest\/wp-json\/wp\/v2\/posts\/2629","targetHints":{"allow":["GET"]}}],"collection":[{"href":"https:\/\/www.editiespecialapress.ro\/newtest\/wp-json\/wp\/v2\/posts"}],"about":[{"href":"https:\/\/www.editiespecialapress.ro\/newtest\/wp-json\/wp\/v2\/types\/post"}],"author":[{"embeddable":true,"href":"https:\/\/www.editiespecialapress.ro\/newtest\/wp-json\/wp\/v2\/users\/2"}],"replies":[{"embeddable":true,"href":"https:\/\/www.editiespecialapress.ro\/newtest\/wp-json\/wp\/v2\/comments?post=2629"}],"version-history":[{"count":0,"href":"https:\/\/www.editiespecialapress.ro\/newtest\/wp-json\/wp\/v2\/posts\/2629\/revisions"}],"wp:featuredmedia":[{"embeddable":true,"href":"https:\/\/www.editiespecialapress.ro\/newtest\/wp-json\/"}],"wp:attachment":[{"href":"https:\/\/www.editiespecialapress.ro\/newtest\/wp-json\/wp\/v2\/media?parent=2629"}],"wp:term":[{"taxonomy":"category","embeddable":true,"href":"https:\/\/www.editiespecialapress.ro\/newtest\/wp-json\/wp\/v2\/categories?post=2629"},{"taxonomy":"post_tag","embeddable":true,"href":"https:\/\/www.editiespecialapress.ro\/newtest\/wp-json\/wp\/v2\/tags?post=2629"}],"curies":[{"name":"wp","href":"https:\/\/api.w.org\/{rel}","templated":true}]}}