{"id":2649,"date":"2015-04-19T19:54:58","date_gmt":"2015-04-19T19:54:58","guid":{"rendered":"http:\/\/www.editiespecialapress.ro\/?p=2649"},"modified":"2015-04-19T19:54:58","modified_gmt":"2015-04-19T19:54:58","slug":"falsificatorii-de-inregistrari-din-salile-de-sedinta-la-declaratii-victime-martori-sunt-robele-ordinare-needucate-criminale-bogdan-mateescu-presedintele-judecatoriei-rm-valcea-marius-lumineanu-vi","status":"publish","type":"post","link":"https:\/\/www.editiespecialapress.ro\/newtest\/2015\/04\/19\/falsificatorii-de-inregistrari-din-salile-de-sedinta-la-declaratii-victime-martori-sunt-robele-ordinare-needucate-criminale-bogdan-mateescu-presedintele-judecatoriei-rm-valcea-marius-lumineanu-vi\/","title":{"rendered":"Falsificatorii de \u00eenregistr\u0103ri din s\u0103lile de \u015fedin\u0163\u0103 la declara\u0163ii victime, martori sunt robele ordinare needucate, criminale: Bogdan Mateescu pre\u015fedintele judec\u0103toriei Rm. V\u00e2lcea, Marius Lumineanu vicepre\u015fedintele judec\u0103toriei, Baciu Rosita Elisabeta, \u0162uglui Corina Anca pre\u015fedinta sec\u0163iei penale, Ceau\u015fescu Carmen Florina, Vlad Valentin vicepre\u015fedinte sec\u0163ie penal\u0103, care au pus ofi\u0163erii serviciului special al Ministerului de Justi\u0163ie de la Judec\u0103toria Rm V\u00e2lcea s\u0103 falsifice prin programe speciale toate declara\u0163iile \u00eenregistrate \u00een s\u0103lile de \u015fedin\u0163\u0103 la audieri"},"content":{"rendered":"<p>Dragii no\u015ftri cititori, continu\u0103m \u00een aceast\u0103 edi\u0163ie cu cele mai mari scursuri ale societ\u0103\u0163ii de la \u00eenfiin\u0163area justi\u0163iei rom\u00e2ne care cu mintea lor bolnav\u0103 ( diabolic\u0103 ) au reu\u015fit s\u0103 distrug\u0103 prin condamn\u0103ri grele victime, prin a falsifica audierile din s\u0103lile de judecat\u0103, at\u00e2t victimelor arestate sau \u00een curs de judecat\u0103, precum \u015fi declara\u0163iile martorilor, folosind ofi\u0163erii de la Serviciul Special al Ministerului Justi\u0163iei pentru a folosi programe speciale pentru falsificarea vocii, a \u00eentreb\u0103rilor \u00eentre judec\u0103tori &#8211; victim\u0103 arestat\u0103 sau \u00een curs de judecat\u0103, precum \u015fi falsificarea \u00eenregistr\u0103rilor ale martorilor audia\u0163i \u00een s\u0103lile de judecat\u0103.<\/p>\n<figure id=\"attachment_2651\" aria-describedby=\"caption-attachment-2651\" style=\"width: 400px\" class=\"wp-caption alignright\"><img loading=\"lazy\" decoding=\"async\" class=\"size-full wp-image-2651\" src=\"http:\/\/www.editiespecialapress.ro\/wp\/wp-content\/uploads\/2015\/04\/Alin-Stoica-comprisoristul-de-la-Arpechim-Pite_ti-actual-procuror-favorizator-gay.jpg\" alt=\"Alin Stoica, comprisoristul de la Arpechim Pitesti, actual procuror favorizator gay\" width=\"400\" height=\"300\" \/><figcaption id=\"caption-attachment-2651\" class=\"wp-caption-text\">Alin Stoica, comprisoristul de la Arpechim Pitesti, actual procuror favorizator gay<\/figcaption><\/figure>\n<figure id=\"attachment_2652\" aria-describedby=\"caption-attachment-2652\" style=\"width: 218px\" class=\"wp-caption alignright\"><img loading=\"lazy\" decoding=\"async\" class=\"size-full wp-image-2652\" src=\"http:\/\/www.editiespecialapress.ro\/wp\/wp-content\/uploads\/2015\/04\/Cea-mai-mare-infractoare-rob_-de-la-Judec_toria-Rm.-V\u00e2lcea-Baciu-Rosita-Elisabeta-_iganc_-\u00eempu_it_.jpg\" alt=\"Cea mai mare infractoare roba de la Judecatoria Rm. V\u00e2lcea, Baciu Rosita Elisabeta, tiganca \u00eemputitaCea mai mare infractoare roba de la Judecatoria Rm. V\u00e2lcea, Baciu Rosita Elisabeta, tiganca \u00eemputita\" width=\"218\" height=\"119\" \/><figcaption id=\"caption-attachment-2652\" class=\"wp-caption-text\">Cea mai mare infractoare roba de la Judecatoria Rm. V\u00e2lcea, Baciu Rosita Elisabeta, tiganca \u00eemputita<\/figcaption><\/figure>\n<figure id=\"attachment_2653\" aria-describedby=\"caption-attachment-2653\" style=\"width: 605px\" class=\"wp-caption alignright\"><img loading=\"lazy\" decoding=\"async\" class=\"size-full wp-image-2653\" src=\"http:\/\/www.editiespecialapress.ro\/wp\/wp-content\/uploads\/2015\/04\/Cei-mai-mari-infractori-\u00een-robe-periculo_i-din-aceast_-poz_-sunt-pre_edin_ii-Cur_ii-de-Apel-Pite_ti-_i-pre_edin_ii-Judec_toriei-R\u00e2mnicu-V\u00e2lcea-_i-Tribunalul-V\u00e2lcea1.jpg\" alt=\"Cei mai mari infractori \u00een robe periculosi din aceasta poza sunt presedintii Curtii de Apel Pitesti si presedintii Judecatoriei R\u00e2mnicu V\u00e2lcea si Tribunalul V\u00e2lcea\" width=\"605\" height=\"318\" \/><figcaption id=\"caption-attachment-2653\" class=\"wp-caption-text\">Cei mai mari infractori \u00een robe periculosi din aceasta poza sunt presedintii Curtii de Apel Pitesti si presedintii Judecatoriei R\u00e2mnicu V\u00e2lcea si Tribunalul V\u00e2lcea<\/figcaption><\/figure>\n<figure id=\"attachment_2654\" aria-describedby=\"caption-attachment-2654\" style=\"width: 400px\" class=\"wp-caption alignright\"><img loading=\"lazy\" decoding=\"async\" class=\"size-medium wp-image-2654\" src=\"http:\/\/www.editiespecialapress.ro\/wp\/wp-content\/uploads\/2015\/04\/Gay-ul-favorizator-Aldea-Mihail-procuror-general-Curtea-de-Apel-Pite_ti-400x300.jpg\" alt=\"Gay-ul favorizator, Aldea Mihail, procuror general Curtea de Apel Pite_ti\" width=\"400\" height=\"300\" \/><figcaption id=\"caption-attachment-2654\" class=\"wp-caption-text\">Gay-ul favorizator, Aldea Mihail, procuror general Curtea de Apel Pitesti<\/figcaption><\/figure>\n<figure id=\"attachment_2655\" aria-describedby=\"caption-attachment-2655\" style=\"width: 300px\" class=\"wp-caption alignright\"><img loading=\"lazy\" decoding=\"async\" class=\"size-full wp-image-2655\" src=\"http:\/\/www.editiespecialapress.ro\/wp\/wp-content\/uploads\/2015\/04\/La-sediul-infractorilor-\u00eenroba_i.jpg\" alt=\"La sediul infractorilor \u00eenroba\" width=\"300\" height=\"300\" \/><figcaption id=\"caption-attachment-2655\" class=\"wp-caption-text\">La sediul infractorilor \u00eenroba<\/figcaption><\/figure>\n<p>Toate aceste robe nenorocite se ocup\u0103 numai de falsificarea \u00eenregistr\u0103rilor din s\u0103lile de \u015fedin\u0163\u0103 de la judec\u0103toria Rm. V\u00e2lcea de ani de zile \u015fi cu un mare tupeu de ordinari au avut curajul s\u0103-i falsifice \u015fi declara\u0163ia directorului publica\u0163iei noastre, Iulian Ratea, precum \u015fi a martorilor din dosarul nr. 2703\/288\/2012 a Judec\u0103toriei R\u00e2mnicu V\u00e2lcea. Aceste panarame de robe \u00eempu\u0163ite nu \u015fi-au dat seama c\u0103 sunt monitorizate \u00een a\u015fteptare de a fi prinse cu falsificarea \u00eenregistr\u0103rilor la victime \u015fi martori. Cam din anul 2010 le a\u015fteptam s\u0103 mu\u015fte momeala. Pentru a \u00eenl\u0103tura cei 4 martori din dosar, judec\u0103toarea Baciu Rosita Elisaveta a folosit tehnica pervers\u0103 infrac\u0163ional\u0103 de a-i falsifica declara\u0163ia directorului Iulian Ratea prin a-i pune \u00eentreb\u0103ri cu voce fals\u0103 a robei nenorocite Baciu Rosita, \u00eentreb\u0103ri care \u00een sala de judecat\u0103 nici nu s-au pomenit din partea judec\u0103toarei. I-a falsificat \u015fi vocea directorului publica\u0163iei noastre, pun\u00e2ndu-i r\u0103spunsuri false la \u00eentreb\u0103rile false ale robei nenorocite Baciu Rosita. Tot ceea ce au falsificat se simte \u015fi \u00een \u00eenregistr\u0103rile audio din sala de judecat\u0103, dar foarte fin. Dac\u0103 nu e\u015fti de meserie nu le po\u0163i distinge cu cele reale pe care la aceast\u0103 or\u0103 le avem doar noi film\u0103rile video-audio din s\u0103lile de judecat\u0103, efectuate de noi. Aceste c\u00e2rpe \u00eempu\u0163ite de robe au crezut c\u0103 directorul poate fi p\u0103c\u0103lit, nu are memorie de 9 elefan\u0163i, ceea ce s-a audiat \u00een s\u0103lile de \u015fedin\u0163\u0103 sau nu de\u0163ine \u00eenregistr\u0103ri audio-video non-stop din s\u0103lile de judecat\u0103. Au lungit declara\u0163iile \u00een \u00eenregistr\u0103ri, tr\u0103g\u00e2nd de ele cu vocile false. Nu s-a pomenit \u00een toat\u0103 justi\u0163ia mondial\u0103 s\u0103-\u0163i falsifici vocea ca judec\u0103tor \u015fi a victimelor judecate, precum \u015fi a martorilor cu \u00eenregistr\u0103rile din sala de \u015fedin\u0163\u0103 \u015fi bine\u00een\u0163eles c\u0103 au falsificat \u015fi declara\u0163iile scrise de grefieri \u00een s\u0103lile de \u015fedin\u0163\u0103 dup\u0103 \u00eenregistr\u0103rile falsificate. La declara\u0163ia directorului Iulian Ratea se vede clar falsificat\u0103, nu apare num\u0103r de dosar pe declara\u0163ie, au f\u0103cut o copie \u015fi o semn\u0103tur\u0103 f\u0103cute de ele \u015fi gata, asta e declara\u0163ia original\u0103 pe care a semnat-o \u00een sala de \u015fedin\u0163\u0103 \u015fi \u00eenregistrarea audio original\u0103. \u00centreb\u0103rile false puse directorului Iulian Ratea de judec\u0103toarea Baciu Rosita din data de 20.06.2012: &#8222;Cu cine mai era\u0163i \u00een ma\u015fin\u0103, domnule Ratea?&#8221; Ratea a r\u0103spuns la \u00eentrebarea fals\u0103: &#8221; Cu martorii Dumitru Marian, Popescu George, Popa Marian&#8221;. Alt\u0103 \u00eentrebare fals\u0103, f\u0103c\u0103tur\u0103 de Baciu Rosita, rob\u0103 ordinar\u0103: &#8222;V\u0103 \u00eentreab\u0103 domnul avocat la ce distan\u0163\u0103 era victima de trecerea de pietoni?&#8221; Falsul r\u0103spunde la Ratea: &#8221; Nu-mi mai aduc aminte, dar nu cu exactitate c\u0103 victima se afla la o distan\u0163\u0103 de cam 10 m. de trecerea de pietoni, avea 2 plase, dup\u0103 biseric\u0103 era victim\u0103&#8221;. Toate aceste \u00eentreb\u0103ri false \u015fi r\u0103spunsuri comandate de Baciu la ofi\u0163erii M.J. \u00eempotriva directorului Ratea nu au fost puse \u00een discu\u0163ie \u00een sala de \u015fedin\u0163\u0103. \u015ei alte \u00eentreb\u0103ri false \u015fi r\u0103spunsuri \u00een declara\u0163ia fals\u0103 care continu\u0103 declara\u0163ia lui Ratea. Toate acestea au fost f\u0103cute pentru a-i distruge declara\u0163ia, \u00eenl\u0103turarea martorilor propu\u015fi \u015fi pentru a se pronun\u0163a cu o sentin\u0163\u0103 abuziv\u0103. S-a g\u00e2ndit bine grupul organizat de infractori \u00een robe \u015fi mili\u0163ieni ai Serviciului Ministerului Justi\u0163iei s\u0103 falsifice prima dat\u0103 \u00eenregistr\u0103rile de la audieri victime ( chipurile infractori, martori ) \u015fi dup\u0103 aceea declara\u0163iile scrise din nou de grefiere \u015fi copie de pe semn\u0103turile victimelor, martorilor sau chiar \u00een unele cazuri au semnat \u015fi ele pe declara\u0163ie. Se v\u0103d falsurile cu ochiul liber la declara\u0163iile scrise. Toate aceste mizerii le fac pentru a le ie\u015fi lor \u00een mintea lor bolnav\u0103 dosarele perfecte, cu probe f\u0103c\u0103tur\u0103 \u015fi recunoa\u015fterea faptelor penale falsificate de ele sau falsificarea declara\u0163iilor martorilor pentru a nu coincide \u00eentre ele cu al\u0163i martori \u015fi scriind \u00een sentin\u0163e c\u0103 se \u00eenl\u0103tur\u0103 declara\u0163iile martorilor nesinceri, \u00eentruc\u00e2t nu spun adev\u0103rul, dar declara\u0163iile \u015fi \u00eenregistr\u0103rile din s\u0103lile de \u015fedin\u0163\u0103 falsificate de ei sunt foarte bune ca probe pentru pro\u015fti. V\u0103 da\u0163i seama c\u00e2te zeci de mii de victime au b\u0103gat \u00een pu\u015fc\u0103rie ace\u015fti criminali prin falsificarea \u00eenregistr\u0103rilor de la audieri victime arestate sau martorii propu\u015fi de victime. Ne-a fost cam greu s\u0103-i prindem \u015fi a durat circa 4 ani p\u00e2n\u0103 au fost prinse jegurile societ\u0103\u0163ii. Te audiaz\u0103 nenoroci\u0163ii \u00een s\u0103lile de judecat\u0103 ca victim\u0103 sau, cum spun ei, ca inculpat, precum \u015fi martorii \u015fi te pomene\u015fti arestat sau condamnat pe f\u0103c\u0103turile escrocilor cu \u00eenregistr\u0103ri la audieri, declara\u0163ii. Nu \u0163i se pun \u00eentreb\u0103rile \u00een sala de judecat\u0103 c\u00e2nd te audiaz\u0103, dar \u00een schimb, dac\u0103 stai \u015fi te g\u00e2nde\u015fti s\u0103-\u0163i aduci aminte ce ai declarat \u00een fa\u0163a robelor \u015fi verifici declara\u0163ia \u015fi solici\u0163i copie de pe \u00eenregistr\u0103rile din sala de \u015fedin\u0163\u0103 de la audieri te pomene\u015fti cu vocea falsificat\u0103, at\u00e2t a robelor infractori, precum \u015fi a ta fals\u0103 cu \u00eentrebare \u015fi r\u0103spuns. Directorul publica\u0163iei noastre a f\u0103cut o sesizare la poponarul general de carton favorizator Aldea Mihail de la Parchetul Cur\u0163ii de Apel Pite\u015fti \u015fi l-a desemnat pentru cercet\u0103ri pe feti\u0163a lui, compresoristul din Arpechim Pite\u015fti, actual procuror, Alin Stoica care au stabilit c\u00e2te un NUP de c\u0103ciul\u0103 la infractorii cei mai periculo\u015fi din toat\u0103 justi\u0163ia mondial\u0103 de la Rm. V\u00e2lcea. Directorul Iulian Ratea le-a solicitat s\u0103 dispun\u0103 expertizarea \u00eenregistr\u0103rilor din sala de \u015fedin\u0163\u0103 at\u00e2t a lui, c\u00e2t \u015fi a declara\u0163iilor martorilor din dosar, dar poponarii i-au ajutat s\u0103 scape de p\u00e2rnaie. Nu e de mirare c\u0103 cu 2 NUP au ei milioane de NUP-uri \u00een arhiv\u0103. P\u00e2n\u0103 la aceast\u0103 or\u0103 am observat c\u0103 nu s-a luat nicio m\u0103sur\u0103 din partea prim-procurorului sec\u0163iei judiciare sau a procurorului de caz, chiar poate au clasat lucr\u0103rile noastre trimise la ei pentru a-i cerceta pe to\u0163i procurorii Parchetului Cur\u0163ii de Apel Pite\u015fti. O s\u0103 ne ocup\u0103m \u015fi de procurorii de la sec\u0163ia judiciar\u0103 din cadrul Parchetului de pe l\u00e2ng\u0103 \u00ce.C.C.J. pentru a r\u0103spunde penal pentru favorizarea a 13 procurori infractori de la Curtea de Apel Pite\u015fti care au dat NUP-uri din 1994-2015 milioane. S\u0103 nu se bazeze pe faptul c\u0103 nu avem ce le face. Procuratura general\u0103 a r\u0103mas tot cu procurori comuni\u015fti, ciubucari, favorizatori, nenoroci\u0163i, dar vom face cur\u0103\u0163enie \u015fi la ei, nu numai cu organele de cercetare penal\u0103 rom\u00e2ne, ci \u015fi cu cei din U.E. Procuratura general\u0103 comunist\u0103 fascist\u0103, nesim\u0163it\u0103, format\u0103 numai din iritici, corup\u0163i favorizatori, procurori care r\u0103spund numai la solicit\u0103rile politrucilor s\u0103 cerceteze c\u00e2te unul la comand\u0103, precum pe ex-pre\u015fedintele Traian B\u0103sescu pentru chipurile \u015fantaj \u015fi amenin\u0163are direct\u0103 prin TV, dar Gabriela Firea nu a fost \u00een fa\u0163a televizorului s\u0103 i se produc\u0103 vreo temere, precum spune legea \u015fi nesim\u0163i\u0163i procurori f\u0103c\u0103turi de politruci au luat-o de bun\u0103 amenin\u0163area \u015fi \u015fantajul cu mintea lor bolnav\u0103, ordinul venind de la premierul Rom\u00e2niei Hitler Ponta.<br \/>\nInfractorii ordinari \u00een robe de la Judec\u0103toria Rm. V\u00e2lcea s\u0103-l pupe-n fund pe domn director Iulian Ratea, \u00eentruc\u00e2t le pred\u0103 lec\u0163ii de tehnici, investiga\u0163ii, monitoriz\u0103ri etc.<\/p>\n<p>1. Solicit\u0103m expertizarea declara\u0163iilor martorilor audia\u0163i la judec\u0103toria Rm. V\u00e2lcea, dosar nr. 2703\/288\/2012 , precum \u015fi declara\u0163ia directorului publica\u0163iei Iulian Ratea, plus expertizarea \u00eenregistr\u0103rilor falsificate din sala de \u015fedin\u0163\u0103 a celor men\u0163iona\u0163i mai sus.<\/p>\n<p>2. Solicit\u0103m verificarea tuturor \u00eenregistr\u0103rilor din s\u0103lile de \u015fedin\u0163\u0103 ale victimelor ( inculpa\u0163i ) martori din 2010-2015 pentru a se stabili cu exactitate c\u00e2te falsuri au comis \u015fi c\u00e2te victime sunt condamnate definitiv prin falsificarea audierilor, \u00eenregistr\u0103ri \u00een s\u0103lile de \u015fedin\u0163\u0103.<\/p>\n<p>3. Solicit\u0103m verificarea convorbirilor telefonice la to\u0163i cei implica\u0163i, plus film\u0103rile din cadrul institu\u0163iei.<\/p>\n<p>4. Solicit\u0103m autosesizarea din partea procurorului general al Parchetului de pe l\u00e2ng\u0103 \u00ce.C.C.J.<\/p>\n<p style=\"text-align: right;\"><strong> Articol de<br \/>\nIon Preda<\/strong><\/p>\n","protected":false},"excerpt":{"rendered":"<p>Dragii no\u015ftri cititori, continu\u0103m \u00een aceast\u0103 edi\u0163ie cu cele mai mari scursuri ale societ\u0103\u0163ii de la \u00eenfiin\u0163area justi\u0163iei rom\u00e2ne care cu mintea lor bolnav\u0103 ( diabolic\u0103 ) au reu\u015fit s\u0103 distrug\u0103 prin condamn\u0103ri grele victime, prin a falsifica audierile din s\u0103lile de judecat\u0103, at\u00e2t victimelor arestate sau \u00een curs de judecat\u0103, precum \u015fi declara\u0163iile martorilor, [&hellip;]<\/p>\n","protected":false},"author":2,"featured_media":2650,"comment_status":"closed","ping_status":"open","sticky":false,"template":"","format":"standard","meta":{"footnotes":""},"categories":[2],"tags":[73,74,75,76,7,77,78],"class_list":{"0":"post-2649","1":"post","2":"type-post","3":"status-publish","4":"format-standard","5":"has-post-thumbnail","7":"category-ancheta","8":"tag-aldea-mihail","9":"tag-alin-stoica","10":"tag-arpechim-pitesti","11":"tag-baciu-rosita-elisabeta","12":"tag-curtea-de-apel-pitesti","13":"tag-ramnicu-valcea","14":"tag-tribunal-valcea"},"_links":{"self":[{"href":"https:\/\/www.editiespecialapress.ro\/newtest\/wp-json\/wp\/v2\/posts\/2649","targetHints":{"allow":["GET"]}}],"collection":[{"href":"https:\/\/www.editiespecialapress.ro\/newtest\/wp-json\/wp\/v2\/posts"}],"about":[{"href":"https:\/\/www.editiespecialapress.ro\/newtest\/wp-json\/wp\/v2\/types\/post"}],"author":[{"embeddable":true,"href":"https:\/\/www.editiespecialapress.ro\/newtest\/wp-json\/wp\/v2\/users\/2"}],"replies":[{"embeddable":true,"href":"https:\/\/www.editiespecialapress.ro\/newtest\/wp-json\/wp\/v2\/comments?post=2649"}],"version-history":[{"count":0,"href":"https:\/\/www.editiespecialapress.ro\/newtest\/wp-json\/wp\/v2\/posts\/2649\/revisions"}],"wp:featuredmedia":[{"embeddable":true,"href":"https:\/\/www.editiespecialapress.ro\/newtest\/wp-json\/"}],"wp:attachment":[{"href":"https:\/\/www.editiespecialapress.ro\/newtest\/wp-json\/wp\/v2\/media?parent=2649"}],"wp:term":[{"taxonomy":"category","embeddable":true,"href":"https:\/\/www.editiespecialapress.ro\/newtest\/wp-json\/wp\/v2\/categories?post=2649"},{"taxonomy":"post_tag","embeddable":true,"href":"https:\/\/www.editiespecialapress.ro\/newtest\/wp-json\/wp\/v2\/tags?post=2649"}],"curies":[{"name":"wp","href":"https:\/\/api.w.org\/{rel}","templated":true}]}}