{"id":2715,"date":"2015-05-24T20:06:47","date_gmt":"2015-05-24T20:06:47","guid":{"rendered":"http:\/\/www.editiespecialapress.ro\/?p=2715"},"modified":"2015-05-24T20:06:47","modified_gmt":"2015-05-24T20:06:47","slug":"asasinii-hiene-in-robe-de-la-curtea-de-apel-pitesti-diaconu-gheorghe-sandulescu-marius-gabriel-andreescu-marius-coculescu-ana-maria-diaconu-dumitru-sorescu-gheorghe-teodora-rusu-minodora-diaco","status":"publish","type":"post","link":"https:\/\/www.editiespecialapress.ro\/newtest\/2015\/05\/24\/asasinii-hiene-in-robe-de-la-curtea-de-apel-pitesti-diaconu-gheorghe-sandulescu-marius-gabriel-andreescu-marius-coculescu-ana-maria-diaconu-dumitru-sorescu-gheorghe-teodora-rusu-minodora-diaco\/","title":{"rendered":"Asasinii hiene \u00een robe de la Curtea de Apel Pite\u015fti: Diaconu Gheorghe, S\u0103ndulescu Marius Gabriel, Andreescu Marius, Coculescu Ana Maria, Diaconu Dumitru, Sorescu Gheorghe Teodora, Rusu Minodora, Diaconu Raluca Elena, Pluteanu Anda Mihaela, Rusu Elena Minodora, Sanda Ursu, Sorescu Cornelia, Iepure Petre ignor\u0103 C.P. \u015fi C.P.P. \u015fi conven\u0163iile, legile interna\u0163ionale C.E.D.O. folosind o lege a lor din jungla Africa pe care o invoc\u0103 la fiecare victim\u0103 care ajunge cu dosarul la aceste zdren\u0163e \u0163ig\u0103ne\u015fti f\u0103r\u0103 scrupule, instruite de judec\u0103torii asasini comuni\u015fti fasci\u015fti care aceia la r\u00e2ndul lor au omor\u00e2t prin sentin\u0163e \u015fi decizii zeci de mii de victime"},"content":{"rendered":"<figure id=\"attachment_2716\" aria-describedby=\"caption-attachment-2716\" style=\"width: 400px\" class=\"wp-caption alignright\"><img loading=\"lazy\" decoding=\"async\" class=\"size-full wp-image-2716\" src=\"http:\/\/www.editiespecialapress.ro\/wp\/wp-content\/uploads\/2015\/05\/Asasina-comunist\u0103-fascist\u0103-Pluteanu-Anda-Mihaela-st\u00e2nga-sp\u0103l\u0103cita.jpg\" alt=\"Asasina comunist\u0103 fascist\u0103, Pluteanu Anda Mihaela (st\u00e2nga), sp\u0103l\u0103cita\" width=\"400\" height=\"229\" \/><figcaption id=\"caption-attachment-2716\" class=\"wp-caption-text\">Asasina comunist\u0103 fascist\u0103, Pluteanu Anda Mihaela (st\u00e2nga), sp\u0103l\u0103cita<\/figcaption><\/figure>\n<figure id=\"attachment_2717\" aria-describedby=\"caption-attachment-2717\" style=\"width: 400px\" class=\"wp-caption alignright\"><img loading=\"lazy\" decoding=\"async\" class=\"size-medium wp-image-2717\" src=\"http:\/\/www.editiespecialapress.ro\/wp\/wp-content\/uploads\/2015\/05\/Asasine-comuniste-fasciste-Sorescu-Gheorghe-Teodora-st\u00e2nga-\u015fi-Elena-Minodora-Rusu-dreapta-400x266.png\" alt=\"Asasine comuniste fasciste Sorescu Gheorghe Teodora (st\u00e2nga) \u015fi Elena Minodora Rusu (dreapta)\" width=\"400\" height=\"266\" \/><figcaption id=\"caption-attachment-2717\" class=\"wp-caption-text\">Asasine comuniste fasciste Sorescu Gheorghe Teodora (st\u00e2nga) \u015fi Elena Minodora Rusu (dreapta)<\/figcaption><\/figure>\n<figure id=\"attachment_2718\" aria-describedby=\"caption-attachment-2718\" style=\"width: 400px\" class=\"wp-caption alignright\"><img loading=\"lazy\" decoding=\"async\" class=\"size-full wp-image-2718\" src=\"http:\/\/www.editiespecialapress.ro\/wp\/wp-content\/uploads\/2015\/05\/Asasinii-comuni\u015fti-fasci\u015fti-Diaconu-Gheorghe-dreapta-S\u0103ndulescu-Gabriel-centru-\u015fi-Coculescu-Ana-Maria-st\u00e2nga.png\" alt=\"Asasinii comuni\u015fti fasci\u015fti Diaconu Gheorghe (dreapta), S\u0103ndulescu Gabriel (centru) \u015fi Coculescu Ana Maria (st\u00e2nga)\" width=\"400\" height=\"266\" \/><figcaption id=\"caption-attachment-2718\" class=\"wp-caption-text\">Asasinii comuni\u015fti fasci\u015fti Diaconu Gheorghe (dreapta), S\u0103ndulescu Gabriel (centru) \u015fi Coculescu Ana Maria (st\u00e2nga)<\/figcaption><\/figure>\n<figure id=\"attachment_2719\" aria-describedby=\"caption-attachment-2719\" style=\"width: 400px\" class=\"wp-caption alignright\"><img loading=\"lazy\" decoding=\"async\" class=\"size-medium wp-image-2719\" src=\"http:\/\/www.editiespecialapress.ro\/wp\/wp-content\/uploads\/2015\/05\/Asasinul-comunist-fascist-Dumitru-Diaconu-st\u00e2nga-400x266.png\" alt=\"Asasinul comunist fascist Dumitru Diaconu (st\u00e2nga)\" width=\"400\" height=\"266\" \/><figcaption id=\"caption-attachment-2719\" class=\"wp-caption-text\">Asasinul comunist fascist Dumitru Diaconu (st\u00e2nga)<\/figcaption><\/figure>\n<figure id=\"attachment_2720\" aria-describedby=\"caption-attachment-2720\" style=\"width: 400px\" class=\"wp-caption alignright\"><img loading=\"lazy\" decoding=\"async\" class=\"size-medium wp-image-2720\" src=\"http:\/\/www.editiespecialapress.ro\/wp\/wp-content\/uploads\/2015\/05\/Asasinul-nr.-1-comunist-fascist-bolnav-psihic-Marius-Andreescu-400x300.jpg\" alt=\"Asasinul nr. 1 comunist fascist bolnav psihic, Marius Andreescu\" width=\"400\" height=\"300\" \/><figcaption id=\"caption-attachment-2720\" class=\"wp-caption-text\">Asasinul nr. 1 comunist fascist bolnav psihic, Marius Andreescu<\/figcaption><\/figure>\n<figure id=\"attachment_2721\" aria-describedby=\"caption-attachment-2721\" style=\"width: 400px\" class=\"wp-caption alignright\"><img loading=\"lazy\" decoding=\"async\" class=\"size-full wp-image-2721\" src=\"http:\/\/www.editiespecialapress.ro\/wp\/wp-content\/uploads\/2015\/05\/Cea-mai-mare-favorizatoare-de-infractori-din-toate-timpurile-de-la-sec\u0163ia-criminalistic\u0103-Parchet-General-Camelia-Sutiman.jpg\" alt=\"Cea mai mare favorizatoare de infractori din toate timpurile de la sec\u0163ia criminalistic\u0103 Parchet General, Camelia Sutiman\" width=\"400\" height=\"225\" \/><figcaption id=\"caption-attachment-2721\" class=\"wp-caption-text\">Cea mai mare favorizatoare de infractori din toate timpurile de la sec\u0163ia criminalistic\u0103 Parchet General, Camelia Sutiman<\/figcaption><\/figure>\n<figure id=\"attachment_2722\" aria-describedby=\"caption-attachment-2722\" style=\"width: 360px\" class=\"wp-caption alignright\"><img loading=\"lazy\" decoding=\"async\" class=\"size-full wp-image-2722\" src=\"http:\/\/www.editiespecialapress.ro\/wp\/wp-content\/uploads\/2015\/05\/Favorizata-Daniela-Lupu-prim-procuratoarea-DNA-Pite\u015fti-\u0163iganc\u0103-sp\u0103l\u0103cit\u0103.jpg\" alt=\"Favorizata Daniela Lupu, prim-procuratoarea DNA Pite\u015fti, \u0163iganc\u0103 sp\u0103l\u0103cit\u0103\" width=\"360\" height=\"200\" \/><figcaption id=\"caption-attachment-2722\" class=\"wp-caption-text\">Favorizata Daniela Lupu, prim-procuratoarea DNA Pite\u015fti, \u0163iganc\u0103 sp\u0103l\u0103cit\u0103<\/figcaption><\/figure>\n<figure id=\"attachment_2723\" aria-describedby=\"caption-attachment-2723\" style=\"width: 300px\" class=\"wp-caption alignright\"><img loading=\"lazy\" decoding=\"async\" class=\"size-full wp-image-2723\" src=\"http:\/\/www.editiespecialapress.ro\/wp\/wp-content\/uploads\/2015\/05\/Mili\u0163ianul-infractor-Nicolae-Dumitru-rudar-de-Teleorman.png\" alt=\"Mili\u0163ianul infractor Nicolae Dumitru, rudar de Teleorman\" width=\"300\" height=\"200\" \/><figcaption id=\"caption-attachment-2723\" class=\"wp-caption-text\">Mili\u0163ianul infractor Nicolae Dumitru, rudar de Teleorman<\/figcaption><\/figure>\n<p>Dragii no\u015ftri cititori, continu\u0103m \u00een aceast\u0103 edi\u0163ie cu cele mai mari zdren\u0163e penale de judec\u0103tori asasini de la prima lor zi \u00een justi\u0163ie care au omor\u00e2t cet\u0103\u0163enii Arge\u015fului, V\u00e2lcei etc. prin a invoca o lege a lor din jungla african\u0103, ignor\u00e2nd C.P., C.P.P., conven\u0163iile C.E.D.O., legi interna\u0163ionale.<\/p>\n<div><\/div>\n<div>\n<p>\u00a0\u00a0 Aceste gunoaie ale societ\u0103\u0163ii plini de s\u00e2nge pe m\u00e2ini, precum m\u0103celarii de la abator, au condamndat pe victima \u0162ig\u0103nil\u0103 Iulian \u015fi Ion Barbu din jude\u0163ul Arge\u015f la o pedeaps\u0103 cu deten\u0163iune pe via\u0163\u0103, ar\u0103t\u00e2nd \u00een sentin\u0163\u0103 \u015fi decizie c\u0103 ace\u015ftia au omor\u00e2t 6 victime prin a le otr\u0103vi \u015f.a.m.d. Au l\u0103udat un procuror de la Parchetul Tribunalului Arge\u015f c\u0103 el a lucrat zi \u015fi noapte la acest caz \u015fi a reu\u015fit performan\u0163\u0103 \u00een descoperiri cadavre. S\u0103 fie pe capul lui \u015fi nu al victimelor \u0162ig\u0103nil\u0103 \u015fi Barbu. Domnul procuror, sil\u0103 ne este s\u0103 \u00eei d\u0103m numele criminalului, a folosit tehnici comuniste, fasciste, de\u00a0 procuratur\u0103 comunist\u0103 fascist\u0103 rom\u00e2n\u0103 \u00eempreun\u0103 cu mili\u0163ienii, chipurile criminali\u015fti din Arge\u015f, prin a folosi amprentele lui Iulian \u0162ig\u0103nil\u0103 \u015fi Barbu la recolt\u0103rile de probe unde s-au deplasat \u00een comunile arge\u015fene, spun\u00e2nd c\u0103 au g\u0103sit 6 cadavre omor\u00e2te de victimile \u0162ig\u0103nil\u0103 \u015fi Barbu. Mizeriile de mili\u0163ieni criminali\u015fti \u015fi cu criminalul de procuror comunist fascist au folosit amprentele luate de la IPJ Arge\u015f ale lui \u0162ig\u0103nil\u0103 \u015fi Barbu la recoltarea de probe, la chipurile cele 6 asasinate. Le-au introdus \u015fi \u00een expertizele criminalistice , gata s-au g\u0103sit amprentele infractorilor \u015fi gata s-au g\u0103sit \u015fi 6 cadavre omor\u00e2te de \u0162ig\u0103nil\u0103 \u015fi Barbu. Noi nu ne ocup\u0103m cu abuzuri \u015fi crime ca ace\u015fti s\u0103lbatici din jungla african\u0103 ci cu verific\u0103ri profesionale, informa\u0163ii naturale, documentele lor verificate la s\u00e2nge, martorii verifica\u0163i prin diferite tehnici pentru a se stabili cu exactitate care sunt vinova\u0163ii, cum au f\u0103cut s\u0103 reias\u0103 din tot probatorul f\u0103c\u0103tur\u0103, procurorul criminal, mili\u0163ienii comuni\u015fti \u015fi judec\u0103torii asasini. Din toate verific\u0103rile noastre \u00een leg\u0103tur\u0103 cu \u0162ig\u0103nil\u0103 \u015fi Barbu a reie\u015fit c\u0103 ace\u015ftia se ocupau cu \u00een\u015fel\u0103ciuni sau o prosteal\u0103 la cei f\u0103r\u0103 de minte sau mai \u00een v\u00e2rst\u0103, s\u0103rindu-i din case etc. Meseria lor de mici a fost de escroci pentru fraieri.\u00a0 Ace\u015ftia i-au f\u0103cut asasini imediat cum au disp\u0103rut cei \u00een\u015fela\u0163i! Le-a introdus \u00een A.N.P. Coliba\u015fi un ofi\u0163er sub acoperire la solicit\u0103rile celui mai mare mili\u0163ian comunist fascist, fost \u015fef I.PJ. Arge\u015f, Dumitru Nicolae, \u0163igan de Teleorman, spun\u00e2nd c\u0103 Barbu s-a spart \u00een camer\u0103 \u015fi i-ar fi spus ofi\u0163erului c\u0103 ei au mai comis \u015fi alte crime \u015fi uite c\u0103 de \u00eendat\u0103 au mai g\u0103sit alte cadavre, p\u00e2n\u0103 la 6 buc\u0103\u0163i.\u00a0 Ofi\u0163erul introdus la negru \u00een A.N.P. Coliba\u015fi de Nicolae Dumitru \u015fi procurorul criminal nu apare \u00een dosar, \u00eentruc\u00e2t nu le permitea legea s\u0103 introduc\u0103 ofi\u0163eri sub acoperire \u00een A.N.P. Accesul la asemenea intr\u0103ri \u00een A.N.P.\u00a0 \u00eel au doar Serviciile de Informa\u0163ii, Agen\u0163iile Contraspionaj, at\u00e2t rom\u00e2ne, c\u00e2t \u015fi cele str\u0103ine, prin legi interna\u0163ionale, etc. Dar mili\u0163ienii f\u0103r\u0103 minte o f\u0103cur\u0103 \u015fi au mai f\u0103cut-o \u015fi cei de la D.N.A. Bucure\u015fti cu cap de mort ex-prim-procurorul Daniel Morar. Totul ilegal din parte \u0163iganului de TR Nicolae Dumitru \u015fi a procurorului criminal. Asta nu e nimic. Au f\u0103cut ei \u015fi mai mari belele. Pr\u0103p\u0103di\u0163ii l-au pus \u015fi martor pe mili\u0163ianul sub acoperire, spun\u00e2nd c\u0103 e un de\u0163inut exemplu. Trebuia s\u0103 \u00eei spun\u0103 c\u0103 e de\u0163inut politic re\u0163inut de Nicolae Dumitru \u015fi procurorul comunist. Ce dosar au f\u0103cut hoharele acestea te doare capul! Au for\u0163at martorii din dosar \u015fi i-au ademenit cu diferite promisiuni c\u0103 vor avea grij\u0103 de ei \u015fi \u00eei vor ajuta dac\u0103 au probleme.\u00a0 Aveau rela\u0163iile la ei! Ca s\u0103 nu mai zicem de restul dosarelor, v\u0103 cam \u00eenchipui\u0163i c\u00e2te victime au murit din m\u00e2na lor sau c\u00e2\u0163i se chinuiesc prin pu\u015fc\u0103rii ca \u0162ig\u0103nil\u0103 \u015fi Barbu. Or fi ei \u0163igani, dar pe Nicolae Dumitru, mili\u0163ianul comunist, nu-l \u00eentrec la ras\u0103 \u015fi nici la fapte penale. Au trecut pe la mai multe complete de judecat\u0103 aceste 2 victime \u015fi \u015fi-au luat condamn\u0103ri de la judec\u0103torii asasini comuni\u015fti fasci\u015fti pedepse grele de nu le pot duce. V\u0103 \u00eenchipui\u0163i s\u0103 ai pedeaps\u0103 pe via\u0163\u0103 dat\u0103 de asasini cam cum te sim\u0163i! Nu se \u015ftie c\u00e2nd vor muri \u015fi ace\u015ftia din m\u00e2na asasinilor de la Curtea de Apel Pite\u015fti \u015fi Tribunalul Arge\u015f.\u00a0 Jungla asiatic\u0103, cet\u0103\u0163enii Arge\u015fului \u015fi V\u00e2lcei nu sunt \u00een siguran\u0163\u0103 c\u0103 vor mai tr\u0103i dac\u0103 vreodat\u0103 vor avea\u00a0 dosare la ace\u015fti asasini comuni\u015fti fasci\u015fti. Dup\u0103 ce i-am publicat noi c\u0103 au peste 300 de omoruri cu sentin\u0163e penale \u015fi decizii penale s-au \u00eenr\u0103it \u015fi mai r\u0103u satanele p\u0103m\u00e2ntului \u00een robe \u015fi au trecut la pedepse cu deten\u0163iune pe via\u0163\u0103, adic\u0103 nu se \u015ftie c\u00e2t mai tr\u0103ie\u015fti c\u00e2nd auzi de o asemenea pedeaps\u0103 criminal\u0103, abuziv\u0103 ca aceasta.\u00a0 Au zis c\u0103 ne fac nou\u0103 \u00een necaz\u00a0 \u015fi anun\u0163\u00e2nd public \u00een pres\u0103 c\u0103 ei sunt cei mai buni judec\u0103tori, dau pedepse pe via\u0163\u0103. I-am dat la cercet\u0103ri la prim-procuratoarea sec\u0163iei criminale, Camelia Sutima, din cadrul Parchetului General \u015fi aceasta cu \u015feful de serviciu procurator Ioan \u015eandru, deja au \u00eenceput negocierile cu cele 13 robe asasine de la Curtea de Apel Pite\u015fti. Banii se duc la tr\u0103i\u015fti pentru clas\u0103ri \u015fi NUP pentru criminali. Ce ordinari sunt Camelia Sutima \u015fi Ioan \u015eandru, pe ce s-or baza, c\u0103 \u00eei vor sc\u0103pa generalul Ni\u0163u \u015fi adjunc\u0163ii lui ? Le recomand\u0103m du\u015furi reci la arestul capitalei \u015fi la A.N.P. pe viitor. Vor fi demi\u015fi to\u0163i prim-procurorii din cadrul Parchetului General, inclusiv generalul Ni\u0163u Tiberu, pentru favoriz\u0103rile asasinilor din toat\u0103 \u0163ara, precum \u015fi a politrucilor PSD, \u015fpaga n-o mai punem la fiecare rob\u0103 sau politruc. Ace\u015fti procurori de nimic din tot Parchetul General se ocup\u0103 numai de favoriz\u0103ri infractori \u00een robe \u015f.a.m.d. plus \u015fpaga primit\u0103 zilnic. Le vom aduce procurori generali din Ardeal s\u0103 umplem Parchetul General cu procurori, nu cu favorizatori de asasini etc. S-au \u00eembog\u0103\u0163it din at\u00e2ta \u015fpag\u0103 zilnic\u0103 pe care o percep la fiecare rob\u0103 cercetat\u0103 \u015fi politruc \u015fi nu se mai satur\u0103.\u00a0 C\u00e2nd a v\u0103zut procuratoarea Sutiman Camelia dosarul cu 13 robe asasine de la Curtea de Apel Pite\u015fti, deja i-a\u00a0 sunat, a luat leg\u0103tura cu asasinii, spun\u00e2nd c\u0103 i-a venit un dosar pe cap \u015fi au probleme mari, \u00eentruc\u00e2t au mor\u0163i mul\u0163i \u00een A.N.P. Coliba\u015fi. A mai zis:<i>se \u0163in \u0103ia de la Publica\u0163ie Edi\u0163ie Special\u0103 Press de voi, nu \u015ftiu cum va ie\u015fi.<\/i>\u00a0Le-a mai spus la telefon c\u0103 o s\u0103 fac\u0103 tot posibilul s\u0103 \u00eenchid\u0103 dosarul, spunem noi ca pe al lui Hitler Victor Viorel Ponta. Proastele au discutat la telefoane deschis f\u0103r\u0103 re\u0163ineri.\u00a0<i>A\u015fa e c\u0103 nu sunte\u0163i monitorizate, hoa\u0163elor de \u015fp\u0103gi<\/i>? Proaste mai sunte\u0163i, Sutimano! A mai fost nemernica \u015fi la P.N.A. pe timpul comuni\u015ftilor Ion Iliescu \u015fi s-a umplut nesim\u0163ita de bani. Ce cau\u0163i javr\u0103 corupt\u0103 p\u00e2n\u0103 la m\u0103duva oaselor, \u015fef\u0103 a sec\u0163iei criminale?! Pleac\u0103 din \u0163ar\u0103 c\u0103 vei fi cercetat\u0103 de la prima zi de angajare. Jegoasei, sp\u0103l\u0103citei Sutiman i-a trimis directorul publica\u0163iei noastre s\u0103 completeze o sesizare \u00eempotriva prim-procuratoarei DNA Pite\u015fti Lupu Daniela. El \u015fi-a completat sesizarea corect, cu toate datele, probe \u00eempotriva lui Lupu Daniela, dar direc\u0163ionarea pervers\u0103 a f\u0103cut s\u0103 ajung\u0103 sesizarea lui cu faptele de favoriz\u0103ri infractori la sec\u0163ia criminal\u0103 din cadrul Parchetului General Sutiman. Fac din astea tot timpul, zic c\u0103 ne blocheaz\u0103 dosarele \u015fi ele vor sc\u0103pa necondamnate. S\u0103 nu ai competen\u0163\u0103 de cercetare ca Sutiman \u015fi Ioan \u015eandru \u015fi s\u0103 dispui completarea sesiz\u0103rii care avea toate datele trecute \u015fi probele! Nu suntem analfabe\u0163i ca ei \u00een drept penal. Le facem profesional dosarele. Mai scrie \u00een comunicare, a\u015fa cum spunea \u015fi Lupu Daniela:\u00a0<i>Nu a\u0163i \u00een\u0163eles s\u0103 formula\u0163i o sesizare cu solicit\u0103rile legale.\u00a0<\/i>Directorul deja o f\u0103cuse. Se vede cu ochiul liber blatul robelor c\u0103 s-au unit, crez\u00e2nd c\u0103 vor sc\u0103pa vii sau f\u0103r\u0103 p\u00e2rnaie. La acest dosar nr. 1053\/VIII\/I\/2015 al Parchetului de pe l\u00e2ng\u0103 \u00cenalta Curte de Casa\u0163ie \u015fi Justi\u0163ie, sec\u0163ia criminal\u0103, \u00een comunicarea trimis\u0103 directorului Iulian Ratea au semnat cu o mare r\u0103zbunare Camelia Sutiman, infractoare de meserie\u00a0 \u015fi prost\u0103vanul abuziv Ioan \u015eandru. Cum e posibil s\u0103 semneze doi fraieri \u00eentr-o comunicare? Trebuia semnat\u0103 doar de un pop\u00e2nd\u0103u de procuror \u015fef serviciu, normal \u015fi legal.\u00a0 Dou\u0103 semn\u0103turi prime\u015fti la NUP-uri sau clas\u0103ri. Ce s\u0103 mai zicem c\u0103, competen\u0163a de cercetare le revenea procurorilor la sec\u0163ia judiciar\u0103 pentru infrac\u0163iuni de favorizare a infractorilor, Lupu Daniela. Jegurile societ\u0103\u0163ii, Sutiman \u015fi \u015eandru au preluat dosarul de la rela\u0163ii clien\u0163i procuratorii de serviciu\u00a0 \u015fi deja creeaz\u0103 diversiuni cu datele de completare, competen\u0163\u0103 de cercetare etc. Au sim\u0163it c\u0103 a venit timpul s\u0103 str\u00e2ng\u0103 r\u00e2ndurile pentru a se uni toate robele ordinare infractoare, \u00eentruc\u00e2t proastele g\u00e2ndeau c\u0103 numai a\u015fa pot sc\u0103pa de ****. Mare gre\u015feal\u0103, sclavelor \u00een robe! Nu mai exist\u0103 sc\u0103pare pentru voi, vom umple pu\u015fc\u0103riile cu voi, jigodiilor, infractoarelor! Sta\u0163i la serviciu pentru \u015fp\u0103gi \u015fi s\u0103 v\u0103 ap\u0103ra\u0163i zdren\u0163ele pe care trebuia s\u0103 le cerceta\u0163i pentru asasinate mii. Sunte\u0163i mai presus de lege de la prima zi de angajare, gloabelor, v\u0103 spunem noi! Face\u0163i ce vre\u0163i la serviciul vostru de hoa\u0163e. A\u0163i fost angajate pentru a invoca legi \u015fi a cerceta, nu pentru sc\u0103parea ho\u0163ilor pe euro \u015fi dolari. Ve\u0163i muri ca ni\u015fte legume de C.A.P.-uri, gloabelor. Ne mir\u0103m \u015fi noi dac\u0103 mai apuca\u0163i arestul \u015fi nu moartea. A\u0163i f\u0103cut din sec\u0163ia criminal\u0103 o cas\u0103 de nebuni droga\u0163i,aurolaci, ciubucari, retarzi.<\/p>\n<\/div>\n<div>\n<p>\u00a01. Solicit\u0103m cercet\u0103ri \u00eempotriva tuturor celor men\u0163iona\u0163i \u00een acest articol \u015fi trimiterea spre judecat\u0103, precum \u015fi arestarea de \u00eendat\u0103.<\/p>\n<\/div>\n<div>\n<p>\u00a02. Solicit\u0103m autosesizarea din partea procurorului general al Parchetului de pe l\u00e2ng\u0103 \u00ce.C.C.J.<\/p>\n<\/div>\n<div>\n<p>\u00a03. Solicit\u0103m autosesizarea din partea prim-procurorului D.N.A. Bucure\u015fti.<\/p>\n<\/div>\n<div>\n<p>\u00a0Articol de Robert Dumitru<\/p>\n<\/div>\n","protected":false},"excerpt":{"rendered":"<p>Dragii no\u015ftri cititori, continu\u0103m \u00een aceast\u0103 edi\u0163ie cu cele mai mari zdren\u0163e penale de judec\u0103tori asasini de la prima lor zi \u00een justi\u0163ie care au omor\u00e2t cet\u0103\u0163enii Arge\u015fului, V\u00e2lcei etc. prin a invoca o lege a lor din jungla african\u0103, ignor\u00e2nd C.P., C.P.P., conven\u0163iile C.E.D.O., legi interna\u0163ionale. \u00a0\u00a0 Aceste gunoaie ale societ\u0103\u0163ii plini de s\u00e2nge [&hellip;]<\/p>\n","protected":false},"author":2,"featured_media":2724,"comment_status":"closed","ping_status":"open","sticky":false,"template":"","format":"standard","meta":{"footnotes":""},"categories":[2],"tags":[26,94,95,27,28,81,96,63],"class_list":{"0":"post-2715","1":"post","2":"type-post","3":"status-publish","4":"format-standard","5":"has-post-thumbnail","7":"category-ancheta","8":"tag-anda-mihaela-pluteanu","9":"tag-camelia-sutiman","10":"tag-coculescu-ana-maria","11":"tag-elena-minodora-rusu","12":"tag-gheorghe-diaconu","13":"tag-lupu-daniela","14":"tag-nicolae-dumitru","15":"tag-sorescu-teodora"},"_links":{"self":[{"href":"https:\/\/www.editiespecialapress.ro\/newtest\/wp-json\/wp\/v2\/posts\/2715","targetHints":{"allow":["GET"]}}],"collection":[{"href":"https:\/\/www.editiespecialapress.ro\/newtest\/wp-json\/wp\/v2\/posts"}],"about":[{"href":"https:\/\/www.editiespecialapress.ro\/newtest\/wp-json\/wp\/v2\/types\/post"}],"author":[{"embeddable":true,"href":"https:\/\/www.editiespecialapress.ro\/newtest\/wp-json\/wp\/v2\/users\/2"}],"replies":[{"embeddable":true,"href":"https:\/\/www.editiespecialapress.ro\/newtest\/wp-json\/wp\/v2\/comments?post=2715"}],"version-history":[{"count":0,"href":"https:\/\/www.editiespecialapress.ro\/newtest\/wp-json\/wp\/v2\/posts\/2715\/revisions"}],"wp:featuredmedia":[{"embeddable":true,"href":"https:\/\/www.editiespecialapress.ro\/newtest\/wp-json\/"}],"wp:attachment":[{"href":"https:\/\/www.editiespecialapress.ro\/newtest\/wp-json\/wp\/v2\/media?parent=2715"}],"wp:term":[{"taxonomy":"category","embeddable":true,"href":"https:\/\/www.editiespecialapress.ro\/newtest\/wp-json\/wp\/v2\/categories?post=2715"},{"taxonomy":"post_tag","embeddable":true,"href":"https:\/\/www.editiespecialapress.ro\/newtest\/wp-json\/wp\/v2\/tags?post=2715"}],"curies":[{"name":"wp","href":"https:\/\/api.w.org\/{rel}","templated":true}]}}