{"id":2816,"date":"2015-07-06T06:44:11","date_gmt":"2015-07-06T06:44:11","guid":{"rendered":"http:\/\/www.editiespecialapress.ro\/?p=2816"},"modified":"2015-07-06T06:44:11","modified_gmt":"2015-07-06T06:44:11","slug":"travestita-procuror-sef-sectie-camelia-sutiman-de-la-sectia-de-urmarire-penala-si-criminalistica-din-cadrul-parchetului-general-a-favorizat-31-de-robe-criminale-de-la-sectia-penala-a-i-c-c-j-mirela-p","status":"publish","type":"post","link":"https:\/\/www.editiespecialapress.ro\/newtest\/2015\/07\/06\/travestita-procuror-sef-sectie-camelia-sutiman-de-la-sectia-de-urmarire-penala-si-criminalistica-din-cadrul-parchetului-general-a-favorizat-31-de-robe-criminale-de-la-sectia-penala-a-i-c-c-j-mirela-p\/","title":{"rendered":"Travestita procuror \u015fef sec\u0163ie Camelia Sutiman de la sec\u0163ia de urm\u0103rire penal\u0103 \u015fi criminalistic\u0103 din cadrul Parchetului General a favorizat 31 de robe criminale de la sec\u0163ia penal\u0103 a \u00ce.C.C.J: Mirela Popescu, Alexandrescu Anca M\u0103d\u0103lina, Argir Geanina Cristina, Aron Bucurel Mircea, Barb\u0103lat\u0103 Georgeta, Bogdan Ioana, Cerbu Silvia, Cobzariu Maricela, Cosma Rodica,  Dasc\u0103lu Ana Maria, Dragne Angela, Dragomir Florentina, Dragomir Ilie Iulian, Encean Simona Daniela, Foito\u015f Marius, Ghena Mariana, Ilie Gheorghe, Ilie Ioana, J\u00eej\u00eeie Corina, Lefterache Lavinia, Macovei S\u0103ndel, Mera Luciana, Ni\u0163\u0103 Simona, Pistol \u015etefan, Rodica Popa, Rog Lucia, Rotaru Radu Cristina, \u015eelarui Valentin Horia, \u015eerban Leontina, Vasile Francisca, Zglimbea Lumini\u0163a care au omor\u00e2t de la prima zi de angajare \u00een justi\u0163ie mii de victime prin condamn\u0103ri abuzive sau men\u0163inerea deciziilor altor nenoroci\u0163i \u00een robe"},"content":{"rendered":"<figure id=\"attachment_2826\" aria-describedby=\"caption-attachment-2826\" style=\"width: 398px\" class=\"wp-caption alignright\"><img loading=\"lazy\" decoding=\"async\" class=\"size-full wp-image-2826\" src=\"http:\/\/www.editiespecialapress.ro\/wp\/wp-content\/uploads\/2015\/07\/Sediul-celor-31-de-infractoare-robe-criminale.jpg\" alt=\"Sediul celor 31 de infractoare robe criminale\" width=\"398\" height=\"280\" \/><figcaption id=\"caption-attachment-2826\" class=\"wp-caption-text\">Sediul celor 31 de infractoare robe criminale<\/figcaption><\/figure>\n<figure id=\"attachment_2825\" aria-describedby=\"caption-attachment-2825\" style=\"width: 176px\" class=\"wp-caption alignright\"><img loading=\"lazy\" decoding=\"async\" class=\"size-full wp-image-2825\" src=\"http:\/\/www.editiespecialapress.ro\/wp\/wp-content\/uploads\/2015\/07\/Mirela-Popescu-pre\u015fedinta-sec\u0163iei-penale-criminala-nr.-1-\u00een-rob\u0103.jpg\" alt=\"Mirela Popescu, pre\u015fedinta sec\u0163iei penale, criminala nr. 1 \u00een rob\u0103\" width=\"176\" height=\"200\" \/><figcaption id=\"caption-attachment-2825\" class=\"wp-caption-text\">Mirela Popescu, pre\u015fedinta sec\u0163iei penale, criminala nr. 1 \u00een rob\u0103<\/figcaption><\/figure>\n<figure id=\"attachment_2824\" aria-describedby=\"caption-attachment-2824\" style=\"width: 250px\" class=\"wp-caption alignright\"><img loading=\"lazy\" decoding=\"async\" class=\"size-medium wp-image-2824\" src=\"http:\/\/www.editiespecialapress.ro\/wp\/wp-content\/uploads\/2015\/07\/Mariana-Ghena-criminal\u0103-\u00een-rob\u0103-250x300.jpg\" alt=\"Mariana Ghena criminal\u0103 \u00een rob\u0103\" width=\"250\" height=\"300\" \/><figcaption id=\"caption-attachment-2824\" class=\"wp-caption-text\">Mariana Ghena criminal\u0103 \u00een rob\u0103<\/figcaption><\/figure>\n<p>Dragii no\u015ftri cititori,\u00a0 continu\u0103m \u00een aceast\u0103 edi\u0163ie cu cea mai mare favorizatoare de infractori \u00een robe de la \u00eenfiin\u0163area Justi\u0163iei Rom\u00e2ne, travestita procuror \u015fef sec\u0163ie criminal\u0103 Camelia Sutiman din cadrul Parchetului General \u015fi cu cele 31 de robe nesp\u0103late de s\u00e2ngele v\u0103rsat al victimelor condamnate \u00een mod abuziv, decedate prin folosirea tehnicilor perverse de condamn\u0103ri, folosind prezum\u0163ia de vinov\u0103\u0163ie \u00een loc de cea nevinov\u0103\u0163ie, lips\u0103 probe \u00een dosare, falsuri, falsificarea amprentelor ADN-urilor certificatelor medico-legale eliberate pe blat cu doctorii IML-urilor, INML-urilor,\u00a0 falsificarea diagnosticurilor victimelor \u00eentre medici, mili\u0163ieni \u015fi procurori pentru a se acoperi \u015fi a nu r\u0103spunde penal \u015fi de a nu se afla c\u0103 miile de victime s-au \u00eemboln\u0103vit \u015fi au murit din cauza lor, nu cum ar\u0103tau ei \u00een certificatele de deces, fi\u015fe medicale etc. c\u0103 sufereau dinainte de boli grave.\u00a0 Parazita societ\u0103\u0163ii, Sutiman Camelia, a fost sesizat\u0103 de directorul publica\u0163iei noastre, Iulian Ratea, \u00een leg\u0103tur\u0103 cu moartea a mii de victime din m\u00e2na celor 31 de criminali robe de la sec\u0163ia penal\u0103 a \u00ce.C.C.J. pentru a fi cerceta\u0163i legal cu probe \u015fi condamna\u0163i pentru moartea a mii de victime dintre anii 1990-2015. Aceast\u0103 paranoic\u0103, Sutiman, a hot\u0103r\u00e2t \u00een ascuns, cu cei 31 de infractorii \u00een robe, s\u0103 creeze o diversiune \u00een comunicarea adresat\u0103 directorului publica\u0163iei noastre din data de 25.06.2015 nr. 1191\/VIII\/1\/2015, spun\u00e2nd c\u0103 sesizarea nu a putut fi \u00eenregistrat\u0103 \u00een eviden\u0163a cauzelor penale, deoarece nu cuprinde elemente prev\u0103zute de dispozi\u0163iile art. 289 alin (2) din Codul de Procedur\u0103 Penal\u0103, nefiind indicate faptele \u015fi \u00eemprejur\u0103rile \u00een care se presupune c\u0103 acestea au fost s\u0103v\u00e2r\u015fite \u015fi nici mijloacele de prob\u0103.\u00a0 Sutiman Camelia, travestita, psihopata a ajuns s\u0103 mint\u0103 cu mare tupeu c\u0103 directorul Iulian Ratea nu a indicat faptele penale pentru crime , dar d\u00e2nsul le indicase \u00een mod corect, adic\u0103 i-a solicitat s\u0103 verifice activitatea fiec\u0103rui magistrat criminal din cei 31 de la prima zi de angajare, care au condamnat, pe baz\u0103 de probe false, invocarea prezum\u0163iei de vinov\u0103\u0163ie \u00een cea de nevinov\u0103\u0163ie \u015fi tot timpul, \u00een toate dosarele acestora, ne\u00eentrunirea\u00a0 celor 7 elemente constitutive ale vreunei infrac\u0163iuni, cum prevede legea.\u00a0 \u00centr-un cuv\u00e2nt, toate victimele, mii, omor\u00e2te de ei, \u00eentre anii 1990-1995-2000-2005-2010-2015, care au fost condamnate f\u0103r\u0103 probe sau prin \u00eenc\u0103lcarea celor\u00a0 men\u0163ionate mai sus, de s-a ajuns la decesul a mii de victime din m\u00e2na acestor chipurile magistra\u0163i.<\/p>\n<figure id=\"attachment_2823\" aria-describedby=\"caption-attachment-2823\" style=\"width: 400px\" class=\"wp-caption alignright\"><img loading=\"lazy\" decoding=\"async\" class=\"size-full wp-image-2823\" src=\"http:\/\/www.editiespecialapress.ro\/wp\/wp-content\/uploads\/2015\/07\/Ioana-Bogdan-criminal\u0103-\u00een-rob\u0103.jpg\" alt=\"Ioana Bogdan criminal\u0103 \u00een rob\u0103\" width=\"400\" height=\"224\" \/><figcaption id=\"caption-attachment-2823\" class=\"wp-caption-text\">Ioana Bogdan criminal\u0103 \u00een rob\u0103<\/figcaption><\/figure>\n<figure id=\"attachment_2822\" aria-describedby=\"caption-attachment-2822\" style=\"width: 400px\" class=\"wp-caption alignright\"><img loading=\"lazy\" decoding=\"async\" class=\"size-full wp-image-2822\" src=\"http:\/\/www.editiespecialapress.ro\/wp\/wp-content\/uploads\/2015\/07\/Dragne-Angela-criminal\u0103-\u00een-rob\u0103.jpg\" alt=\"Dragne Angela criminal\u0103 \u00een rob\u0103\" width=\"400\" height=\"225\" \/><figcaption id=\"caption-attachment-2822\" class=\"wp-caption-text\">Dragne Angela criminal\u0103 \u00een rob\u0103<\/figcaption><\/figure>\n<figure id=\"attachment_2821\" aria-describedby=\"caption-attachment-2821\" style=\"width: 400px\" class=\"wp-caption alignright\"><img loading=\"lazy\" decoding=\"async\" class=\"size-full wp-image-2821\" src=\"http:\/\/www.editiespecialapress.ro\/wp\/wp-content\/uploads\/2015\/07\/Criminalii-judec\u0103tori-Dragomir-Ilie-Iulian-\u015fi-Jijie-Mihaela-Corina.jpg\" alt=\"Criminalii judec\u0103tori Dragomir Ilie Iulian \u015fi Jijie Mihaela Corina\" width=\"400\" height=\"225\" \/><figcaption id=\"caption-attachment-2821\" class=\"wp-caption-text\">Criminalii judec\u0103tori Dragomir Ilie Iulian \u015fi Jijie Mihaela Corina<\/figcaption><\/figure>\n<p>Cei 31 de criminali, pe unde au lucrat, la Judec\u0103torii, Tribunale, Cur\u0163i de Apeluri din \u0163ar\u0103, capital\u0103 \u015fi pe unde au mai lucrat ca procurori, au omor\u00e2t victime prin condamn\u0103ri abuzive, mii de victime au cedat \u015fi au decedat din m\u00e2na acestor criminali. Noi de\u0163inem mii de certificate de decese care \u00eei reprezint\u0103 pe cei 31 de criminali \u00een robe \u015fi tot probatoriul complet pentru genocid \u015fi infrac\u0163iuni contra umanit\u0103\u0163ii.\u00a0 Aceast\u0103 psihopat\u0103, Sutiman, a crezut \u00een mintea ei bolnav\u0103 c\u0103 noi ne ocup\u0103m de sp\u0103lat covoare, nu de verificat genocidul lor dintre anii 1990-2015. Sutimano, o s\u0103 bagi pu\u015fc\u0103rie cu Udrea \u015fi Bica.\u00a0 Nu cumva vrei poman\u0103 de la al\u0163ii? Miile de certificate de deces \u015fi documentele din dosare care atest\u0103 genocidul. Vai mama ta ce te a\u015fteapt\u0103! Cum mai scapi din ce ai f\u0103cut? Ai dormit pe bani grei \u00een birou \u015fi acum o s\u0103 te treze\u015fti \u00een pu\u015fc\u0103rie. Nu te baza c\u0103 vei sc\u0103pa de favorizarea celor 31 de infractori la genocid, crime \u00eempotriva umanit\u0103\u0163ii etc.\u00a0 C\u00e2nd le condamnau sau le cercetau ca procurori pe victime \u00een mod abuziv, cele 31 de robe se bucurau \u015fi \u00eei acuzau c\u0103 au s\u0103v\u00e2r\u015fit fapte penale grave, dar\u00a0 \u00een dosare era cu totul altceva, adic\u0103 trebuiau achita\u0163i. A\u015fa s-a ajuns ca ace\u015fti 31 de mon\u015ftri s\u0103 omoare mii de victime. Care au fost procurori, unii dintre ei, pe atunci i-au distrus cu rechizitoare, probe false \u00een dosare, mandate de arestare etc. C\u00e2nd au ajuns judec\u0103tori au ap\u0103sat pedala de accelera\u0163ie mai ad\u00e2nc, le revenea toat\u0103 puterea de a-i condamna f\u0103r\u0103 a se g\u00e2ndi \u00een s\u0103lile de judecat\u0103 c\u0103 ace\u015ftia vor muri \u00een aresturi sau ANP-uri.\u00a0 Din at\u00e2ta experien\u0163\u0103 de&#8230; am constatat c\u0103 dac\u0103 o victim\u0103 este condamnat\u0103 f\u0103r\u0103 probe se simte ca \u015fi \u015ftrangulat\u0103, exact cum i-ai pune la\u0163ul de g\u00e2t, se sufoc\u0103 \u015fi prin presiunea grea negativ\u0103 din partea celor 31 de infractori \u015fi de sup\u0103rare, victima deja devine pl\u0103p\u00e2nd\u0103 \u015fi \u00een scurt timp am constatat c\u0103 moare. Ace\u015fti incon\u015ften\u0163i nu-\u015fi dau seama ce se \u00eent\u00e2mpl\u0103 c\u00e2nd condamni pe cineva f\u0103r\u0103 probe sau vinov\u0103\u0163ie s\u0103 existe \u00een dosar m\u0103car 80%.\u00a0 Ei condamn\u0103 \u00een mod abuziv, f\u0103r\u0103 niciun Dumnezeu, incon\u015ftien\u0163i victime, non-stop, crez\u00e2nd c\u0103 nu sunt monitoriza\u0163i \u015fi pe viitor condamna\u0163i.\u00a0 Mintea corbilor comuni\u015fti din justi\u0163ia comunist\u0103! Se \u00eentov\u0103r\u0103\u015fesc imediat ca \u0163iganii dac\u0103 vreunul din ei are probleme penale, fie ca \u00een acest caz.\u00a0 I-am auzit discut\u00e2nd, avem discu\u0163iile lor de ani de-a r\u00e2ndul: &#8221; Tu m\u0103 scapi pe mine ca procuror dac\u0103 gre\u015fesc \u015fi eu v\u0103 scap pe voi ca judec\u0103tor dac\u0103 voi gre\u015fi\u0163i cu fapte penale &#8221;. C\u00e2nd to\u0163i ace\u015ftia judec\u0103 la \u00cenalta Curte victimele \u015fi nu sunt probe de condamnare la dosarele procurorilor \u015fi ale celorlalte complete de judecat\u0103 de la Cur\u0163ile de Apel, adic\u0103 le men\u0163in dosarele f\u0103r\u0103 probe robelor de la procuratur\u0103 \u015fi Cur\u0163i de Apel, condamn\u0103 victimele \u00een continuare sau le admit procurorilor apelurile abuzive \u015fi uite a\u015fa mor victimele nevinovate care trebuiau achitate \u00een prima faz\u0103 de judecat\u0103. Pentru aceast\u0103 acoperire a procurorilor \u015fi judec\u0103torilor infractori de la diferite parchete din Bucure\u015fti \u015fi din \u0163ar\u0103, precum \u015fi\u00a0 a judec\u0103torilor\u00a0 Cur\u0163ilor de Apel etc., cele 31 de robe de la \u00ce.C.C.J. sunt salvate precum i-a salvat Camelia Sutiman. Uite c\u0103 o s\u0103 le stric\u0103m prieteniile \u015fi vor merge la Rahova. Ghinionul lor! Asta e democra\u0163ia, trebuia s\u0103 se roage de noi \u00eenc\u0103 din anul 1989 s\u0103 l\u0103s\u0103m comunismul \u00een floare \u00een Rom\u00e2nia. Democra\u0163ia le creeaz\u0103 grea\u0163\u0103 robelor \u015fi pu\u015fc\u0103rie!\u00a0 Au luat serviciile peste picior, crez\u00e2nd c\u0103 fac ele ordine la servicii \u015fi nu serviciile la ele. Securitatea e curat\u0103, a\u015fa c\u0103 s\u0103 se a\u015ftepte la surprize Sutiman c\u0103 va fi foarte greu acest dosar pe care \u00eel va purta pe piept toat\u0103 pedeapsa ei cu cele 31 de robe. Cred c\u0103 se vede c\u0103 noi nu facem dosare de var\u0103. Stau \u015fi se \u00eent\u00e2lnesc cu travesti\u0163ii \u015fi clocesc minciuni, diversiuni pentru a sc\u0103pa, cred ei. Nu-i a\u015fa. Nu vor sc\u0103pa!<\/p>\n<figure id=\"attachment_2820\" aria-describedby=\"caption-attachment-2820\" style=\"width: 400px\" class=\"wp-caption alignright\"><img loading=\"lazy\" decoding=\"async\" class=\"size-full wp-image-2820\" src=\"http:\/\/www.editiespecialapress.ro\/wp\/wp-content\/uploads\/2015\/07\/Cerbu-Silvia-judec\u0103tor-criminal.jpg\" alt=\"Cerbu Silvia, judec\u0103tor criminal\" width=\"400\" height=\"266\" \/><figcaption id=\"caption-attachment-2820\" class=\"wp-caption-text\">Cerbu Silvia, judec\u0103tor criminal<\/figcaption><\/figure>\n<figure id=\"attachment_2819\" aria-describedby=\"caption-attachment-2819\" style=\"width: 400px\" class=\"wp-caption alignright\"><img loading=\"lazy\" decoding=\"async\" class=\"size-full wp-image-2819\" src=\"http:\/\/www.editiespecialapress.ro\/wp\/wp-content\/uploads\/2015\/07\/Camelia-Sutiman-travestita-sec\u0163iei-criminalistice-Parchet-General.jpg\" alt=\"Camelia Sutiman, travestita sec\u0163iei criminalistice Parchet General\" width=\"400\" height=\"225\" \/><figcaption id=\"caption-attachment-2819\" class=\"wp-caption-text\">Camelia Sutiman, travestita sec\u0163iei criminalistice Parchet General<\/figcaption><\/figure>\n<figure id=\"attachment_2818\" aria-describedby=\"caption-attachment-2818\" style=\"width: 400px\" class=\"wp-caption alignright\"><img loading=\"lazy\" decoding=\"async\" class=\"size-full wp-image-2818\" src=\"http:\/\/www.editiespecialapress.ro\/wp\/wp-content\/uploads\/2015\/07\/Arghir-Geanina-Cristina-rob\u0103-criminal\u0103.jpg\" alt=\"Arghir Geanina Cristina rob\u0103 criminal\u0103\" width=\"400\" height=\"225\" \/><figcaption id=\"caption-attachment-2818\" class=\"wp-caption-text\">Arghir Geanina Cristina rob\u0103 criminal\u0103<\/figcaption><\/figure>\n<div><\/div>\n<div>\u00a01.Solicit\u0103m cercetarea magistratei Camelia Sutiman \u015fi a celor 31 de magistra\u0163i de la sec\u0163ia penal\u0103 a \u00ce.C.C.J. Pentru Sutiman Camelia infrac\u0163iunea de favorizare a f\u0103ptuitorilor, art. 269, alin (1) C.P., art. 297 alin (1) C.P.\u00a0 abuzuri \u00een timpul serviciului.\u00a0 Ceilal\u0163i\u00a0 31 de magistra\u0163i solicit\u0103m s\u0103 fie cerceta\u0163i pentru infrac\u0163iunile de genocid, art. 438, alin. (1), lit. a,b,c C.P. , art. 439 alin (1), lit. a,b,g,i,k C.P. infrac\u0163iuni contra umanit\u0103\u0163ii \u015fi art. 283 alin (1) pct. (2), C.P represiunea nedreapt\u0103, art.297 alin (1), C.P. abuzul \u00een serviciu\u00a0 \u015fi art. 367 alin. (1), pct. 2 \u015fi 3 C.P. constituirea unui grup infrac\u0163ional organizat.\u00a0 Din toate verific\u0103rile noastre ca profesioni\u015fti \u00een&#8230;. a reie\u015fit c\u0103 ace\u015fti infractori se \u00eencadreaz\u0103 corect la toate articolele sus men\u0163ionate, plus probele pe care le de\u0163inem \u00eempotriva lor.<\/div>\n<div>\n<p>\u00a02. Solicit\u0103m autosesizare din partea procurorului general al Parchetului de pe l\u00e2ng\u0103 \u00ce.C.C.J. Bucure\u015fti.<\/p>\n<\/div>\n<div style=\"text-align: right;\"><strong>Articol de\u00a0 <\/strong><br \/>\n<strong>Petrache Ionu\u0163<\/strong><\/div>\n<div style=\"text-align: right;\"><img loading=\"lazy\" decoding=\"async\" class=\"aligncenter size-full wp-image-2827\" src=\"http:\/\/www.editiespecialapress.ro\/wp\/wp-content\/uploads\/2015\/07\/Com.jpg\" alt=\"\" width=\"1653\" height=\"2338\" \/><\/div>\n","protected":false},"excerpt":{"rendered":"<p>Dragii no\u015ftri cititori,\u00a0 continu\u0103m \u00een aceast\u0103 edi\u0163ie cu cea mai mare favorizatoare de infractori \u00een robe de la \u00eenfiin\u0163area Justi\u0163iei Rom\u00e2ne, travestita procuror \u015fef sec\u0163ie criminal\u0103 Camelia Sutiman din cadrul Parchetului General \u015fi cu cele 31 de robe nesp\u0103late de s\u00e2ngele v\u0103rsat al victimelor condamnate \u00een mod abuziv, decedate prin folosirea tehnicilor perverse de condamn\u0103ri, [&hellip;]<\/p>\n","protected":false},"author":2,"featured_media":2817,"comment_status":"closed","ping_status":"open","sticky":false,"template":"","format":"standard","meta":{"footnotes":""},"categories":[2],"tags":[45,94,122,46,123,47,124,48,49],"class_list":{"0":"post-2816","1":"post","2":"type-post","3":"status-publish","4":"format-standard","5":"has-post-thumbnail","7":"category-ancheta","8":"tag-arghir-geanina-cristina","9":"tag-camelia-sutiman","10":"tag-cerbu-silvia","11":"tag-dragne-angela","12":"tag-dragomir-ilie-iulian","13":"tag-ioana-bogdan","14":"tag-jijie-mihaela-corina","15":"tag-mariana-ghena","16":"tag-mirela-popescu"},"_links":{"self":[{"href":"https:\/\/www.editiespecialapress.ro\/newtest\/wp-json\/wp\/v2\/posts\/2816","targetHints":{"allow":["GET"]}}],"collection":[{"href":"https:\/\/www.editiespecialapress.ro\/newtest\/wp-json\/wp\/v2\/posts"}],"about":[{"href":"https:\/\/www.editiespecialapress.ro\/newtest\/wp-json\/wp\/v2\/types\/post"}],"author":[{"embeddable":true,"href":"https:\/\/www.editiespecialapress.ro\/newtest\/wp-json\/wp\/v2\/users\/2"}],"replies":[{"embeddable":true,"href":"https:\/\/www.editiespecialapress.ro\/newtest\/wp-json\/wp\/v2\/comments?post=2816"}],"version-history":[{"count":0,"href":"https:\/\/www.editiespecialapress.ro\/newtest\/wp-json\/wp\/v2\/posts\/2816\/revisions"}],"wp:featuredmedia":[{"embeddable":true,"href":"https:\/\/www.editiespecialapress.ro\/newtest\/wp-json\/"}],"wp:attachment":[{"href":"https:\/\/www.editiespecialapress.ro\/newtest\/wp-json\/wp\/v2\/media?parent=2816"}],"wp:term":[{"taxonomy":"category","embeddable":true,"href":"https:\/\/www.editiespecialapress.ro\/newtest\/wp-json\/wp\/v2\/categories?post=2816"},{"taxonomy":"post_tag","embeddable":true,"href":"https:\/\/www.editiespecialapress.ro\/newtest\/wp-json\/wp\/v2\/tags?post=2816"}],"curies":[{"name":"wp","href":"https:\/\/api.w.org\/{rel}","templated":true}]}}