{"id":2831,"date":"2015-07-13T06:19:31","date_gmt":"2015-07-13T06:19:31","guid":{"rendered":"http:\/\/www.editiespecialapress.ro\/?p=2831"},"modified":"2015-07-13T06:19:31","modified_gmt":"2015-07-13T06:19:31","slug":"judecatorii-comunisti-ai-curtii-de-apel-pitesti-presedintele-curtii-diaconu-gheorghe-vicepresedintele-sandulescu-marius-gabriel-judecatori-andreescu-marius-coculescu-ana-maria-diaconu-dumitru-s","status":"publish","type":"post","link":"https:\/\/www.editiespecialapress.ro\/newtest\/2015\/07\/13\/judecatorii-comunisti-ai-curtii-de-apel-pitesti-presedintele-curtii-diaconu-gheorghe-vicepresedintele-sandulescu-marius-gabriel-judecatori-andreescu-marius-coculescu-ana-maria-diaconu-dumitru-s\/","title":{"rendered":"Judec\u0103torii comuni\u015fti ai Cur\u0163ii de Apel Pite\u015fti: pre\u015fedintele Cur\u0163ii, Diaconu Gheorghe, vicepre\u015fedintele S\u0103ndulescu Marius Gabriel, judec\u0103tori Andreescu Marius, Coculescu Ana Maria, Diaconu Dumitru, Sorescu Gheorghe Teodora, Rusu Minodora, Diaconu Raluca Elena, Pluteanu Anda Mihaela, Rusu Elena Minodora, Sanda Ursu, Sorescu Cornelia, Iepure Petre, Popescu Mirela Sorina au condamnat \u00een mod abuziv \u015fi cu rea credin\u0163\u0103 80% din cei care le-au intrat \u00een m\u00e2n\u0103 de la prima zi de angajare \u00een justi\u0163ia arge\u015fan\u0103 au distrus familiile victimelor, copiii, f\u0103r\u0103 a \u0163ine cont c\u0103 probele \u00een dosare nu existau sau chiar au folosit prezum\u0163ia de nevinov\u0103\u0163ie \u00een cea de vinov\u0103\u0163ie ca la poli\u0163istul Cioac\u0103 Cristian etc"},"content":{"rendered":"<p>Dragii no\u015ftri cititori, continu\u0103m \u00een aceast\u0103 edi\u0163ie cu cei mai mari judec\u0103tori comuni\u015fti, abuzivi din toate timpurile care au condamnat cu rea credin\u0163\u0103 abuzuri des\u0103v\u00e2r\u015fite peste 80%\u00a0 din ce le-au intrat \u00een m\u00e2n\u0103 victime de la prima zi de angajare \u00een justi\u0163ia arge\u015fan\u0103.<\/p>\n<figure id=\"attachment_2839\" aria-describedby=\"caption-attachment-2839\" style=\"width: 400px\" class=\"wp-caption alignright\"><img loading=\"lazy\" decoding=\"async\" class=\"size-full wp-image-2839\" src=\"http:\/\/www.editiespecialapress.ro\/wp\/wp-content\/uploads\/2015\/07\/Popescu-Mirela-Sorina-abuziv\u0103-de-la-na\u015ftere.jpg\" alt=\"Popescu Mirela Sorina, abuziv\u0103 de la na\u015ftere\" width=\"400\" height=\"225\" \/><figcaption id=\"caption-attachment-2839\" class=\"wp-caption-text\">Popescu Mirela Sorina, abuziv\u0103 de la na\u015ftere<\/figcaption><\/figure>\n<figure id=\"attachment_2838\" aria-describedby=\"caption-attachment-2838\" style=\"width: 400px\" class=\"wp-caption alignright\"><img loading=\"lazy\" decoding=\"async\" class=\"size-full wp-image-2838\" src=\"http:\/\/www.editiespecialapress.ro\/wp\/wp-content\/uploads\/2015\/07\/Marius-Andreescu-\u015fi-Gheorghe-Diaconu-magistra\u0163i-abuzivi-f\u0103r\u0103-scrupule.jpg\" alt=\"Marius Andreescu \u015fi Gheorghe Diaconu, magistra\u0163i abuzivi f\u0103r\u0103 scrupule\" width=\"400\" height=\"225\" \/><figcaption id=\"caption-attachment-2838\" class=\"wp-caption-text\">Marius Andreescu \u015fi Gheorghe Diaconu, magistra\u0163i abuzivi f\u0103r\u0103 scrupule<\/figcaption><\/figure>\n<figure id=\"attachment_2837\" aria-describedby=\"caption-attachment-2837\" style=\"width: 712px\" class=\"wp-caption alignright\"><img loading=\"lazy\" decoding=\"async\" class=\"size-full wp-image-2837\" src=\"http:\/\/www.editiespecialapress.ro\/wp\/wp-content\/uploads\/2015\/07\/Gheorghe-Diaconu-S\u0103ndulescu-Marius-Coculescu-Ana-Maria-infractori-des\u0103v\u00e2r\u015fi\u0163i-de-la-prima-zi-de-angajare-\u00een-justi\u0163ia-arge\u015fan\u0103.jpg\" alt=\"Gheorghe Diaconu, S\u0103ndulescu Marius, Coculescu Ana Maria infractori des\u0103v\u00e2r\u015fi\u0163i de la prima zi de angajare \u00een justi\u0163ia arge\u015fan\u0103\" width=\"712\" height=\"470\" \/><figcaption id=\"caption-attachment-2837\" class=\"wp-caption-text\">Gheorghe Diaconu, S\u0103ndulescu Marius, Coculescu Ana Maria infractori des\u0103v\u00e2r\u015fi\u0163i de la prima zi de angajare \u00een justi\u0163ia arge\u015fan\u0103<\/figcaption><\/figure>\n<figure id=\"attachment_2836\" aria-describedby=\"caption-attachment-2836\" style=\"width: 400px\" class=\"wp-caption alignright\"><img loading=\"lazy\" decoding=\"async\" class=\"size-full wp-image-2836\" src=\"http:\/\/www.editiespecialapress.ro\/wp\/wp-content\/uploads\/2015\/07\/G\u00e2rlejatul-procurator-Marius-Iacob-arat\u0103-cu-m\u00e2na-\u00eentins\u0103-c\u00e2te-abuzuri-a-comis-de-la-p\u0103m\u00e2nt-p\u00e2n\u0103-la-bra\u0163.jpg\" alt=\"G\u00e2rlejatul procurator Marius Iacob arat\u0103 cu m\u00e2na \u00eentins\u0103 c\u00e2te abuzuri a comis de la p\u0103m\u00e2nt p\u00e2n\u0103 la bra\u0163\" width=\"400\" height=\"225\" \/><figcaption id=\"caption-attachment-2836\" class=\"wp-caption-text\">G\u00e2rlejatul procurator Marius Iacob arat\u0103 cu m\u00e2na \u00eentins\u0103 c\u00e2te abuzuri a comis de la p\u0103m\u00e2nt p\u00e2n\u0103 la bra\u0163<\/figcaption><\/figure>\n<div>\n<p>\u00a0\u00a0\u00a0 Aceste fiare ale justi\u0163iei arge\u015fene sufer\u0103 de boli psihice \u015fi obseda\u0163i de victime pentru a le distruge, r\u0103m\u00e2n\u00e2nd instrui\u0163i de judec\u0103torii comuni\u015fti pentru a judeca 80% din victimele care ajung cu dosare la ei la Curte. Aceste robe \u00eempu\u0163ite, pline de s\u00e2ngele victimelor distruse sunt un grup organizat de infractori foarte periculo\u015fi pentru to\u0163i cet\u0103\u0163enii Arge\u015fului \u015fi V\u00e2lceii, cre\u00e2nd panic\u0103 \u00een lumea civil\u0103 prin \u015ftrangularea victimelor cu decizii abuzive, comuniste, cu invoc\u0103ri de prezum\u0163ii de vinov\u0103\u0163ie \u00een cele de nevinov\u0103\u0163ie, probe false \u00een dosare, intercept\u0103ri efectuate de serviciile speciale ale MAI, f\u0103r\u0103 a avea sentin\u0163e \u00een prima faz\u0103 de monitorizare \u015fi acceptul judec\u0103torului de a intercepta victimele, dar ei accept\u0103 ca\u015fbecurile efectuate de infractorii serviciilor MAI \u015fi le iau de baz\u0103, d\u00e2nd \u015fi condamn\u0103ri pe falsurile efectuate de mili\u0163ie, plant\u0103ri de probe ADN, amprente false puse \u00een dosare, crez\u00e2nd c\u0103 nu \u015ftie nimeni cum au reu\u015fit s\u0103 fac\u0103 ADN-uri false \u015fi s\u0103 pun\u0103 s\u00e2nge \u00een diferite locuri de a le dovedi, cum spun ei, mili\u0163ienii, pe victime, precum s-a \u015fi \u00eent\u00e2mplat cu ofi\u0163erul de poli\u0163ie victima Cristian Cioac\u0103 de i-au dat pedeaps\u0103 16 ani de zile pe probe false, s\u00e2nge pus la comand\u0103 g\u00e2rlejatului procurator criminal Iacob Marius \u015fi\u00a0 a mili\u0163ienilor din cadrul IGPR, plus amprentele luate la mili\u0163ie lui Cristian Cioac\u0103 \u015fi puse din nou pe diferite obiecte personale. Dac\u0103 procuratorul criminal Marius Iacob s-a dus \u00een eroare cu acest caz c\u0103 ofi\u0163erul Cristian Cioac\u0103 a omor\u00e2t-o pe Elodia \u015fi bine\u00een\u0163eles a f\u0103cut pe Jack Spintec\u0103torul cu victima Cioac\u0103 la comanda prietenei lui \u015fi cons\u0103tenei lui Ghinescu, scorpia, mama Elodie, \u015fi bine\u00een\u0163eles amenin\u0163at de procuroul general interimar Daniel Morar pentru a pl\u0103ti cele 4 milioane de euro cu descinderile ani de zile clarv\u0103z\u0103toarea, scafandrii etc. Acest procuror nenorocit,Iacob, a intrat \u00een panic\u0103\u00a0 \u015fi a\u00a0 chemat IGPR-i\u015ftii s\u0103-i pun\u0103 s\u00e2nge dup\u0103 5 ani de cercet\u0103ri lui Cioac\u0103 \u00een apartament pentru a sc\u0103pa de cele 4 milioane de euro pagub\u0103 \u015fi de pu\u015fc\u0103rie. Avem discu\u0163iile \u00eentre Daniel Morar \u015fi Marius Iacob.\u00a0 Daniel Morar l-a chemat \u00een biroul lui pe Marius Iacob \u015fi i-a zis : &#8221; Nu vezi c\u0103 televiziunile te acuz\u0103 c\u0103 nu ai g\u0103sit cadavrul? Termin\u0103 repede cu acest dosar. Dac\u0103 nu termini pl\u0103te\u015fti paguba de 4 milioane de euro pe care ai produs-o. Iacob cu morcovul \u00een fund i-a chemat pe IGPR-i\u015fti \u015fi s-au dus la apartamentul lui Cioac\u0103 din Bra\u015fov pentru a-i pune s\u00e2nge sub parchet \u015fi au g\u0103sit solu\u0163ia pentru a folosi un aparat nou de a depista, chipurile, urmele de s\u00e2nge cu o vechime de peste 5 ani. Ace\u015fti nenoroci\u0163i nu au \u015ftiut c\u0103 sunt monitoriza\u0163i pas cu pas, non stop. Acum s\u0103-i vedem cum vor sc\u0103pa jigodiile. C\u00e2nd s-a cerut \u00een instan\u0163\u0103 s\u0103 se fac\u0103 din\u00a0 nou analiz\u0103 la probele de s\u00e2nge, amprentelor pe diferite obiecte la laboratoarele din Austria au respins robele criminale toate solicit\u0103rile care trebuiau obligatoriu aprobate.\u00a0 \u0162in ascunse acum probele false pe care le-au \u00eenaintat \u015fi prietenilor de la INML Bucure\u015fti, care au confirmat c\u0103 falsurile sunt bune\u00a0 \u015fi Cioac\u0103 trebuie condamnat.<\/p>\n<figure id=\"attachment_2835\" aria-describedby=\"caption-attachment-2835\" style=\"width: 400px\" class=\"wp-caption alignright\"><img loading=\"lazy\" decoding=\"async\" class=\"size-full wp-image-2835\" src=\"http:\/\/www.editiespecialapress.ro\/wp\/wp-content\/uploads\/2015\/07\/Elena-Minodora-Rusu-Anda-Mihaela-Pluteanu-cele-mai-mari-abuzive-din-justi\u0163ia-arge\u015fan\u0103-care-l-au-condamnat-\u015fi-distrus-pe-Cristian-Cioac\u0103-familia-lui-copilul-lui-cu-o-pedeaps\u0103-de-16-ani-deten\u0163ie.jpg\" alt=\"Elena Minodora Rusu, Anda Mihaela Pluteanu cele mai mari abuzive din justi\u0163ia arge\u015fan\u0103 care l-au condamnat \u015fi distrus pe Cristian Cioac\u0103, familia lui, copilul lui cu o pedeaps\u0103 de 16 ani deten\u0163ie\" width=\"400\" height=\"229\" \/><figcaption id=\"caption-attachment-2835\" class=\"wp-caption-text\">Elena Minodora Rusu, Anda Mihaela Pluteanu cele mai mari abuzive din justi\u0163ia arge\u015fan\u0103 care l-au condamnat \u015fi distrus pe Cristian Cioac\u0103, familia lui, copilul lui cu o pedeaps\u0103 de 16 ani deten\u0163ie<\/figcaption><\/figure>\n<figure id=\"attachment_2834\" aria-describedby=\"caption-attachment-2834\" style=\"width: 400px\" class=\"wp-caption alignright\"><img loading=\"lazy\" decoding=\"async\" class=\"size-full wp-image-2834\" src=\"http:\/\/www.editiespecialapress.ro\/wp\/wp-content\/uploads\/2015\/07\/Diaconu-Dumitru-Elena-Minodora-Rusu-infractori-f\u0103r\u0103-scrupule-care-au-distrus-zeci-de-mii-de-victime.png\" alt=\"Diaconu Dumitru, Elena Minodora Rusu infractori f\u0103r\u0103 scrupule care au distrus zeci de mii de victime\" width=\"400\" height=\"266\" \/><figcaption id=\"caption-attachment-2834\" class=\"wp-caption-text\">Diaconu Dumitru, Elena Minodora Rusu infractori f\u0103r\u0103 scrupule care au distrus zeci de mii de victime<\/figcaption><\/figure>\n<figure id=\"attachment_2833\" aria-describedby=\"caption-attachment-2833\" style=\"width: 300px\" class=\"wp-caption alignright\"><img loading=\"lazy\" decoding=\"async\" class=\"size-full wp-image-2833\" src=\"http:\/\/www.editiespecialapress.ro\/wp\/wp-content\/uploads\/2015\/07\/Cristian-Cioac\u0103-victima-judec\u0103toarelor-comuniste-abuzive-arat\u0103-ce-palm\u0103-grea-i-a-dat.jpg\" alt=\"Cristian Cioac\u0103, victima judec\u0103toarelor comuniste, abuzive, arat\u0103 ce palm\u0103 grea i-a dat\" width=\"300\" height=\"272\" \/><figcaption id=\"caption-attachment-2833\" class=\"wp-caption-text\">Cristian Cioac\u0103, victima judec\u0103toarelor comuniste, abuzive, arat\u0103 ce palm\u0103 grea i-a dat<\/figcaption><\/figure>\n<figure id=\"attachment_2840\" aria-describedby=\"caption-attachment-2840\" style=\"width: 400px\" class=\"wp-caption alignright\"><img loading=\"lazy\" decoding=\"async\" class=\"size-full wp-image-2840\" src=\"http:\/\/www.editiespecialapress.ro\/wp\/wp-content\/uploads\/2015\/07\/Sediul-infractorilor-INML-i\u015fti.jpg\" alt=\"Sediul infractorilor INML-i\u015fti\" width=\"400\" height=\"300\" \/><figcaption id=\"caption-attachment-2840\" class=\"wp-caption-text\">Sediul infractorilor INML-i\u015fti<\/figcaption><\/figure>\n<\/div>\n<div>\n<p>Procurorii asasini criminali \u015fi IGPR-i\u015ftii sunt prieteni cu cei de la INML Bucure\u015fti de mult \u015fi confirm\u0103 probele false de s\u00e2nge tot timpul \u00een favoarea infractorilor procurori \u015fi a mili\u0163ienilor. Niciodat\u0103 de pe timpul comuni\u015ftilor, \u015ftim noi mai bine, c\u0103 ei nu i-au contrazis, ci din contr\u0103 i-au ajutat la infrac\u0163iuni. O s\u0103 ne ocup\u0103m \u015fi de medicii INML Bucure\u015fti p\u00e2n\u0103 vor fi aresta\u0163i. La INML se comit multe infrac\u0163iuni, le vom prezenta \u00een alte articole. Iacob dup\u0103 ce c\u0103 nu avea competen\u0163a s\u0103 cerceteze prin lege, a fost \u00eemputernicit abuziv de procurorul general de la acea vreme, b\u0103t\u00e2nd recordul la f\u0103c\u0103turi \u015fi distrugeri de victime, familii, copii. O s\u0103 se aleag\u0103 praful \u015fi pulberea de el. Unde s-a mai pomenit \u00een lume s\u0103 faci un ADN f\u0103r\u0103 s\u0103 iei probe de la victime sau cadavre? El i-a f\u0103cut ADN-ul Elodiei din s\u00e2ngele pus cu al m\u0103-sii de la na\u015fterea lui. Numai \u0163iganii rudari ca Iacob pot face f\u0103c\u0103turi \u015fi s\u0103 ob\u0163in\u0103 condamn\u0103ri de zeci de ani pe probe false, invoc\u0103ri abuzive etc.\u00a0 Iacobe, Iacobe, te vom b\u0103ga \u00een pu\u015fc\u0103rie pentru toate dosarele f\u0103c\u0103tur\u0103! C\u00e2t ai fost de prost, te-ai speriat de pagubele produse institu\u0163iei tale \u015fi ai g\u0103sit solu\u0163ia s\u0103 distrugi victime, familii \u015fi copii. Blestemat s\u0103 fii \u015fi tu \u015fi familia ta! Pentru toate victimele distruse, familii \u015fi copii.\u00a0 Acest \u0163igan g\u00e2rlejat nu \u015ftie cu ce se m\u0103n\u00e2nc\u0103 criminalistica. S-a b\u0103gat repede la dosare la prieteni\u00a0 \u015fi dup\u0103 aceea, cum nu putea s\u0103 rezolve, trecea la f\u0103c\u0103turi pentru a nu pl\u0103ti pagubele de milioane de euro. Cu toate probele false, nu le-a ie\u015fit probatoriul de a-l condamna pe Cioac\u0103, dar curvele nemernice de robe: Rusu Elena Minodora \u015fi Pluteanu Anda Mihaela au f\u0103cut-o de o condamnare abuziv\u0103: 16 ani la Cioac\u0103 Cristian.\u00a0 L-au mai \u00eencadrat \u015fi la lovituri cauzatoare de moarte, f\u0103r\u0103 un certificat medico-legal, cu cadavrul sau victima \u00een fa\u0163\u0103. La cine au constatat ei lovituri dac\u0103 victima presupus\u0103 de ei nu exist\u0103?\u00a0 Nu au niciun certificat medico-legal \u00een acest sens.\u00a0 Pe cine s\u0103 evaluezi dac\u0103 nu au ap\u0103rut? Pe Iacob, \u0163iganul de la Drobe\u015fti, Arge\u015f? Aceast\u0103 condamnare dat\u0103 lui Cioac\u0103 de 16 ani cu executare o s\u0103 o suporte retur robele. Martorii oculari nu au avut un dosar, numai \u00eemb\u00e2rlig\u0103turi \u015fi nemernicii f\u0103cute de IGPR-i\u015fti, Iacob \u015fi INML, dar nici cu astea nu \u00eel puteau condamna, \u00eentruc\u00e2t \u00een lipsa victimei nu po\u0163i stabili ADN-ul, lovituri cauzatoare de moarte etc.\u00a0 A\u015fa c\u0103 pu\u015fc\u0103ria va fi pe capul lor. Ai auzit infractorule Iacob? V-am dat doar un mic exemplu de dosar echipat cu probe false\u00a0 \u015fi \u00eencadr\u0103ri f\u0103r\u0103 certificat medico-legal pentru lovituri cauzatoare de moarte etc. V\u0103 cam \u00eenchipui\u0163i ce probatorii avem pentru ei. Surprize, surprize. Le ur\u0103m o vacan\u0163\u0103 tropical\u0103 la audieri la procurori la Parchetul General.<\/p>\n<\/div>\n<div>\n<p>1. Solicit\u0103m cercetarea tuturor celor men\u0163iona\u0163i \u00een acest articol pentru art. 17 al Conven\u0163iei pentru Ap\u0103rarea Drepturilor Omului \u015fi a Libert\u0103\u0163ilor Fundamentale, interzicerea abuzului de drept, coroborat cu art. 297 CP, abuzul \u00een serviciu, art 283 CP represiunea nedreapt\u0103, art. 367 CP constituirea unui grup infrac\u0163ional organizat etc. Conven\u0163ia pentru Ap\u0103rarea Drepturilor Omului \u015fi a Libert\u0103\u0163ilor Fundamentale interzice aceste \u00eenc\u0103lc\u0103ri grave din partea magistra\u0163ilor \u015fi pot fi condamna\u0163i \u00een baza art. 17 CEDO \u00een coroborare cu celelalte articole men\u0163ionate din CP.<\/p>\n<\/div>\n<div>\n<p>2. Solicit\u0103m ca organele de cercetare penal\u0103 s\u0103 verifice cu aten\u0163ie toate dosarele judecate de ace\u015fti magistra\u0163i de la prima zi a lor de angajare \u00een justi\u0163ia arge\u015fean\u0103 \u015fi bucure\u015ftean\u0103.<\/p>\n<\/div>\n<div>\n<p>3. Monitorizarea \u00een continuare a acestora p\u00e2n\u0103 la arestare.<\/p>\n<\/div>\n<div>\n<p>4. Solicit\u0103m autosesizarea din partea procurorului general al Parchetului de pe l\u00e2ng\u0103 \u00ce.C.C.J. Bucure\u015fti.<\/p>\n<\/div>\n<div>\n<p>5. Solicit\u0103m s\u0103 fim informa\u0163i privind rezultatul cercet\u0103rilor pentru a urma c\u0103ile legale p\u00e2n\u0103 la arestarea celor ce sunt implica\u0163i sau cei care se vor implica s\u0103 \u00eei scape.<\/p>\n<\/div>\n<div style=\"text-align: right;\"><strong>Articol de <\/strong><br \/>\n<strong>Petrache Ionu\u0163\u00a0<\/strong><\/div>\n","protected":false},"excerpt":{"rendered":"<p>Dragii no\u015ftri cititori, continu\u0103m \u00een aceast\u0103 edi\u0163ie cu cei mai mari judec\u0103tori comuni\u015fti, abuzivi din toate timpurile care au condamnat cu rea credin\u0163\u0103 abuzuri des\u0103v\u00e2r\u015fite peste 80%\u00a0 din ce le-au intrat \u00een m\u00e2n\u0103 victime de la prima zi de angajare \u00een justi\u0163ia arge\u015fan\u0103. \u00a0\u00a0\u00a0 Aceste fiare ale justi\u0163iei arge\u015fene sufer\u0103 de boli psihice \u015fi obseda\u0163i [&hellip;]<\/p>\n","protected":false},"author":2,"featured_media":2832,"comment_status":"closed","ping_status":"open","sticky":false,"template":"","format":"standard","meta":{"footnotes":""},"categories":[2],"tags":[26,95,125,27,28,29,30,126,99],"class_list":{"0":"post-2831","1":"post","2":"type-post","3":"status-publish","4":"format-standard","5":"has-post-thumbnail","7":"category-ancheta","8":"tag-anda-mihaela-pluteanu","9":"tag-coculescu-ana-maria","10":"tag-cristian-cioaca","11":"tag-elena-minodora-rusu","12":"tag-gheorghe-diaconu","13":"tag-marius-andreescu","14":"tag-popescu-mirela-sorina","15":"tag-procurator-marius-iacob","16":"tag-sandulescu-marius"},"_links":{"self":[{"href":"https:\/\/www.editiespecialapress.ro\/newtest\/wp-json\/wp\/v2\/posts\/2831","targetHints":{"allow":["GET"]}}],"collection":[{"href":"https:\/\/www.editiespecialapress.ro\/newtest\/wp-json\/wp\/v2\/posts"}],"about":[{"href":"https:\/\/www.editiespecialapress.ro\/newtest\/wp-json\/wp\/v2\/types\/post"}],"author":[{"embeddable":true,"href":"https:\/\/www.editiespecialapress.ro\/newtest\/wp-json\/wp\/v2\/users\/2"}],"replies":[{"embeddable":true,"href":"https:\/\/www.editiespecialapress.ro\/newtest\/wp-json\/wp\/v2\/comments?post=2831"}],"version-history":[{"count":0,"href":"https:\/\/www.editiespecialapress.ro\/newtest\/wp-json\/wp\/v2\/posts\/2831\/revisions"}],"wp:featuredmedia":[{"embeddable":true,"href":"https:\/\/www.editiespecialapress.ro\/newtest\/wp-json\/"}],"wp:attachment":[{"href":"https:\/\/www.editiespecialapress.ro\/newtest\/wp-json\/wp\/v2\/media?parent=2831"}],"wp:term":[{"taxonomy":"category","embeddable":true,"href":"https:\/\/www.editiespecialapress.ro\/newtest\/wp-json\/wp\/v2\/categories?post=2831"},{"taxonomy":"post_tag","embeddable":true,"href":"https:\/\/www.editiespecialapress.ro\/newtest\/wp-json\/wp\/v2\/tags?post=2831"}],"curies":[{"name":"wp","href":"https:\/\/api.w.org\/{rel}","templated":true}]}}