{"id":2870,"date":"2015-08-03T06:59:58","date_gmt":"2015-08-03T06:59:58","guid":{"rendered":"http:\/\/www.editiespecialapress.ro\/?p=2870"},"modified":"2015-08-03T06:59:58","modified_gmt":"2015-08-03T06:59:58","slug":"complotul-din-anul-1989-format-din-tiganul-retard-ex-presedintele-romaniei-ion-iliescu-jidanul-petre-roman-raposatul-silviu-brucan-ion-caramitru-raposatul-sergiu-nicolaescu-mircea-pascu-poetul","status":"publish","type":"post","link":"https:\/\/www.editiespecialapress.ro\/newtest\/2015\/08\/03\/complotul-din-anul-1989-format-din-tiganul-retard-ex-presedintele-romaniei-ion-iliescu-jidanul-petre-roman-raposatul-silviu-brucan-ion-caramitru-raposatul-sergiu-nicolaescu-mircea-pascu-poetul\/","title":{"rendered":"Complotul din anul 1989 format din \u0163iganul retard  ex-pre\u015fedintele Rom\u00e2niei Ion Iliescu , jidanul Petre Roman, r\u0103posatul Silviu Brucan, Ion Caramitru, r\u0103posatul Sergiu Nicolaescu, Mircea Pascu, poetul diversionist Mircea Dinescu, Gelu Voican Voiculescu, amiralul Dinu \u015etefan, ex-\u015fef Direc\u0163ie General\u0103 de Informa\u0163ii a Armatei 1989, gnr. Nicolae Militaru, gnr. Victor Atanasie St\u0103nculescu MAPN \u015fi mul\u0163i al\u0163ii care au planificat lovitura de stat din 1989, cer\u015find ajutorul serviciilor secrete al armatei ruse \u015fi al serviciilor franceze \u015fi, bine\u00een\u0163eles, a pre\u015fedintelui Gorbaciov pentru a-l \u00eenl\u0103tura pe Nicolae Ceau\u015fescu \u015fi Elena Ceau\u015fescu de la putere \u015fi de a le fura banii din conturi, de a omor\u00ee aprox. 1500 de oameni prin diferite diversiuni programate la care au l\u0103sat s\u0103 cread\u0103 poporul c\u0103 a fost o revolu\u0163ie spontan\u0103 \u0163ig\u0103neasc\u0103 Ion Iliescu asasinul"},"content":{"rendered":"<figure id=\"attachment_2872\" aria-describedby=\"caption-attachment-2872\" style=\"width: 400px\" class=\"wp-caption alignright\"><img loading=\"lazy\" decoding=\"async\" class=\"size-medium wp-image-2872\" src=\"http:\/\/www.editiespecialapress.ro\/wp\/wp-content\/uploads\/2015\/08\/Actorii-Sergiu-Nicolaescu-\u015fi-o-\u0163iganc\u0103-\u00eempu\u0163it\u0103-de-la-Teatrul-Na\u0163ional-care-trebuie-s\u0103-se-prezinte-de-urgen\u0163\u0103-la-procurorii-militari-400x250.jpg\" alt=\"Actorii Sergiu Nicolaescu \u015fi o \u0163iganc\u0103 \u00eempu\u0163it\u0103 de la Teatrul Na\u0163ional care trebuie s\u0103 se prezinte de urgen\u0163\u0103 la procurorii militari\" width=\"400\" height=\"250\" \/><figcaption id=\"caption-attachment-2872\" class=\"wp-caption-text\">Actorii Sergiu Nicolaescu \u015fi o \u0163iganc\u0103 \u00eempu\u0163it\u0103 de la Teatrul Na\u0163ional care trebuie s\u0103 se prezinte de urgen\u0163\u0103 la procurorii militari<\/figcaption><\/figure>\n<figure id=\"attachment_2873\" aria-describedby=\"caption-attachment-2873\" style=\"width: 280px\" class=\"wp-caption alignright\"><img loading=\"lazy\" decoding=\"async\" class=\"size-full wp-image-2873\" src=\"http:\/\/www.editiespecialapress.ro\/wp\/wp-content\/uploads\/2015\/08\/Amiralul-Dinu-\u015etefan-decedat-ex-\u015feful-Direc\u0163iei-Generale-de-Informa\u0163ii-Militare-al-MAPN-in-1989-asasin-\u00eenr\u0103it.jpg\" alt=\"Amiralul Dinu \u015etefan decedat, ex-\u015feful Direc\u0163iei Generale de Informa\u0163ii Militare al MAPN in 1989 , asasin \u00eenr\u0103it\" width=\"280\" height=\"275\" \/><figcaption id=\"caption-attachment-2873\" class=\"wp-caption-text\">Amiralul Dinu \u015etefan decedat, ex-\u015feful Direc\u0163iei Generale de Informa\u0163ii Militare al MAPN in 1989 , asasin \u00eenr\u0103it<\/figcaption><\/figure>\n<figure id=\"attachment_2874\" aria-describedby=\"caption-attachment-2874\" style=\"width: 400px\" class=\"wp-caption alignright\"><img loading=\"lazy\" decoding=\"async\" class=\"size-medium wp-image-2874\" src=\"http:\/\/www.editiespecialapress.ro\/wp\/wp-content\/uploads\/2015\/08\/Asasinii-poporului-89-400x241.jpg\" alt=\"Asasinii poporului 89\" width=\"400\" height=\"241\" \/><figcaption id=\"caption-attachment-2874\" class=\"wp-caption-text\">Asasinii poporului 89<\/figcaption><\/figure>\n<p>Dragii no\u015ftri cititori, continu\u0103m \u00een aceast\u0103 edi\u0163ie cu cei mai mari comploti\u015fti diversioni\u015fti asasini de la, chipurile, revolu\u0163ia Ion Iliescu etc 1989 care au b\u0103tut recordul \u00een lume la diversiuni, \u00eemb\u00e2rlic\u0103turi, asasinate \u00eempotriva poporului \u015fi dezinformarea poporului total c\u0103 l-ar fi \u00eempu\u015fcat ei pe Ceau\u015fescu Nicolae \u015fi pe Elena Ceau\u015fescu \u015fi c\u0103 ar fi revolu\u0163ionarii na\u0163iunii care au sc\u0103pat poporul de comuni\u015fti.<\/p>\n<div>\n<p>V\u0103 prezent\u0103m tehnica comunist\u0103 a lui\u00a0 Ion Iliescu \u015fi a tuturor comploti\u015ftilor lui, mii, zeci de mii, prin care au dat lovitura de stat \u00een anul 1989, au furat banii din conturile lui Nicolae Ceau\u015fescu \u015fi din conturile statului rom\u00e2n, au omor\u00e2t aproximativ 1500 de studen\u0163i \u015fi oameni de toate v\u00e2rstele. \u0162iganul retard bolnav psihic, Iliescu, cipat de serviciile ruse a cerut ajutor prietenului lui \u015fi colegului lui de facultate , ex-pre\u015fedintele URSS Gorbaciov Mihail pentru a-l ajuta s\u0103 \u00eenl\u0103ture de la putere\u00a0 pe Nicolae Ceau\u015fescu \u015fi tot regimul comunist, av\u00e2nd \u015fi priz\u0103 la serviciile franceze prin diferi\u0163i prieteni de-ai lui \u015fi \u00eencep\u00e2nd s\u0103 organizeze complotul de asasin pe care i-a\u0163i \u015fi v\u0103zut \u00eenainta\u015fi la desf\u0103\u015furarea evenimentelor s\u00e2ngeroase pe posturile TV din luna decembrie 1989. Ex-pre\u015fedintele URSS\u00a0 Gorbaciov \u015fi serviciile secrete ale Fran\u0163ei i-au dat crezare \u015foalfei \u0163ig\u0103ne\u015fti, Ion Iliescu, \u015fi prietenilor lui pentru a-l \u00eenl\u0103tura pe Ceau\u015fescu Nicolae \u015fi pe to\u0163i comuni\u015ftii de la putere din Rom\u00e2nia. Dar Gorbaciov \u015fi \u015fefii serviciilor franceze i-au pus \u00een vedere s\u0103 nu omoare poporul sau civili. I-au promis ca sprijin pe ofi\u0163erii de informa\u0163ii militare, ru\u015fi \u015fi francezi. Nu mai punem c\u0103 \u00een Rom\u00e2nia, la acel moment erau colaboratori ai serviciilor secrete militare ruse zeci de mii de ofi\u0163eri \u00een toat\u0103 \u0163ara. Ceau\u015fescu nici nu avea habar ce f\u0103ceau \u015fefii serviciilor militare rom\u00e2ne\u00a0 la acel moment \u015fi ce urmau s\u0103 \u00eei preg\u0103teasc\u0103. Deveneau colaboratori cu dubl\u0103 identitate la comanda serviciilor armatei ruse. Adic\u0103 aveau identitate \u015fi rom\u00e2n\u0103 \u015fi rus\u0103.<\/p>\n<figure id=\"attachment_2875\" aria-describedby=\"caption-attachment-2875\" style=\"width: 400px\" class=\"wp-caption alignright\"><img loading=\"lazy\" decoding=\"async\" class=\"size-medium wp-image-2875\" src=\"http:\/\/www.editiespecialapress.ro\/wp\/wp-content\/uploads\/2015\/08\/Asasinii-poporului-400x253.jpg\" alt=\"Asasinii poporului\" width=\"400\" height=\"253\" \/><figcaption id=\"caption-attachment-2875\" class=\"wp-caption-text\">Asasinii poporului<\/figcaption><\/figure>\n<figure id=\"attachment_2876\" aria-describedby=\"caption-attachment-2876\" style=\"width: 395px\" class=\"wp-caption alignright\"><img loading=\"lazy\" decoding=\"async\" class=\"size-medium wp-image-2876\" src=\"http:\/\/www.editiespecialapress.ro\/wp\/wp-content\/uploads\/2015\/08\/Asasinul-num\u0103rul-1-al-poporului-Gelu-Voican-Voiculescu-\u00een-decembrie-1989-395x300.jpg\" alt=\"Asasinul num\u0103rul 1 al poporului, Gelu Voican Voiculescu \u00een decembrie 1989\" width=\"395\" height=\"300\" \/><figcaption id=\"caption-attachment-2876\" class=\"wp-caption-text\">Asasinul num\u0103rul 1 al poporului, Gelu Voican Voiculescu \u00een decembrie 1989<\/figcaption><\/figure>\n<figure id=\"attachment_2877\" aria-describedby=\"caption-attachment-2877\" style=\"width: 400px\" class=\"wp-caption alignright\"><img loading=\"lazy\" decoding=\"async\" class=\"size-medium wp-image-2877\" src=\"http:\/\/www.editiespecialapress.ro\/wp\/wp-content\/uploads\/2015\/08\/Asasinul-poporului-Ion-Iliescu-\u00een-decembrie-89-400x300.jpg\" alt=\"Asasinul poporului Ion Iliescu \u00een decembrie 89\" width=\"400\" height=\"300\" \/><figcaption id=\"caption-attachment-2877\" class=\"wp-caption-text\">Asasinul poporului Ion Iliescu \u00een decembrie 89<\/figcaption><\/figure>\n<\/div>\n<div>\n<p>Serviciile ruse foarte de\u015ftepte, somit\u0103\u0163i, mai luau colaboratori \u015fi civili care lucrau \u00een Rusia la diferite institu\u0163ii tari. Rom\u00e2nii no\u015ftri acceptau imediat s\u0103 fie colaboratori ai serviciilor ruse, \u00eentruc\u00e2t aveau multe avantaje. Cu ce mai prezentau ofi\u0163erii Serviciilor Militare de Informa\u0163ii\u00a0 Rom\u00e2ne colaboratori, \u00eentr-un cuv\u00e2nt se predase cam toat\u0103 direc\u0163ia de informa\u0163ii militare la serviciile armatei URSS.\u00a0 \u015etim foarte bine c\u0103 \u015fi rom\u00e2nilor le pl\u0103ceau gradele \u015fi puterea armatei ruse. Asta era atunci. C\u00e2nd \u0163iganul retard psihic,Ion Iliescu, a hot\u0103r\u00e2t \u015fi programat s\u0103 dea lovitura de stat \u015fi a chemat to\u0163i colaboratorii rom\u00e2ni ai serviciilor armatei ruse \u015fi ofi\u0163eri ai serviciilor militare franceze\u00a0 pentru a oferi protec\u0163ie \u015fi s\u0103 poat\u0103 \u00eenl\u0103tura pe Ceau\u015fescu Nicolae \u015fi tot regimul comunist. S-au apucat b\u0103ie\u0163ii de treab\u0103 la primul miting \u00een Bucure\u015fti, au intrat printre protestan\u0163i \u00een prima faz\u0103, aveau oameni la diferite \u00eentreprinderi, i-au \u00eentins capcane r\u0103posatului Nicolae Ceau\u015fescu prin diferi\u0163i ofi\u0163eri tr\u0103d\u0103tori ai securit\u0103\u0163ii comuniste pentru a-l pune fa\u0163\u0103 \u00een fa\u0163\u0103 cu poporul \u015fi pentru a \u00eencepe chipurile revolu\u0163ia. Serviciile militare ruse \u015fi franceze au stat \u015fi au asistat p\u00e2n\u0103 s-a apucat \u0163iganul retard bolnav psihic, Ion Iliescu, de crime , adic\u0103 s\u0103 dea ordin s\u0103 omoare studen\u0163i, femei, b\u0103rba\u0163i de toate v\u00e2rstele \u015fi tot ce le ie\u015fea \u00een cale serviciilor militare rom\u00e2ne \u015fi trupelor speciale ale MAPN. Prost\u0103vanul criminal Ion Iliescu \u015fi ceilal\u0163i au mai apelat si la generalul Nicolae Militaru \u015fi gnr. Victor Atanasie St\u0103nculescu s\u0103 pun\u0103 solda\u0163ii \u015fi ofi\u0163erii s\u0103 trag\u0103 \u00een popor \u015fi \u00een tot ceea ce le ie\u015fea \u00een cale. Dar cu un plan diabolic au ac\u0163ionat to\u0163i, \u00eentruc\u00e2t au l\u0103sat s\u0103 cread\u0103 c\u0103 s-a tras de terori\u015ftii sau securi\u015ftii comuni\u015fti \u00een armat\u0103 \u015fi \u00een civili.<\/p>\n<figure id=\"attachment_2878\" aria-describedby=\"caption-attachment-2878\" style=\"width: 400px\" class=\"wp-caption alignright\"><img loading=\"lazy\" decoding=\"async\" class=\"size-medium wp-image-2878\" src=\"http:\/\/www.editiespecialapress.ro\/wp\/wp-content\/uploads\/2015\/08\/Comploti\u015ftii-asasini-400x300.png\" alt=\"Comploti\u015ftii asasini\" width=\"400\" height=\"300\" \/><figcaption id=\"caption-attachment-2878\" class=\"wp-caption-text\">Comploti\u015ftii asasini<\/figcaption><\/figure>\n<figure id=\"attachment_2879\" aria-describedby=\"caption-attachment-2879\" style=\"width: 400px\" class=\"wp-caption alignright\"><img loading=\"lazy\" decoding=\"async\" class=\"size-medium wp-image-2879\" src=\"http:\/\/www.editiespecialapress.ro\/wp\/wp-content\/uploads\/2015\/08\/Deghizarea-cu-un-chip-al-lui-Nicolae-Ceau\u015fescu-400x267.jpg\" alt=\"Deghizarea cu un chip al lui Nicolae Ceau\u015fescu\" width=\"400\" height=\"267\" \/><figcaption id=\"caption-attachment-2879\" class=\"wp-caption-text\">Deghizarea cu un chip al lui Nicolae Ceau\u015fescu<\/figcaption><\/figure>\n<figure id=\"attachment_2880\" aria-describedby=\"caption-attachment-2880\" style=\"width: 400px\" class=\"wp-caption alignright\"><img loading=\"lazy\" decoding=\"async\" class=\"size-medium wp-image-2880\" src=\"http:\/\/www.editiespecialapress.ro\/wp\/wp-content\/uploads\/2015\/08\/G\u00e2t-scurt-Petre-Roman-complotistul-\u00een-misiune-400x292.jpg\" alt=\"G\u00e2t scurt Petre Roman, complotistul \u00een misiune\" width=\"400\" height=\"292\" \/><figcaption id=\"caption-attachment-2880\" class=\"wp-caption-text\">G\u00e2t scurt Petre Roman, complotistul \u00een misiune<\/figcaption><\/figure>\n<\/div>\n<div>Tot felul de diversiuni malefice programate de to\u0163i criminalii comploti\u015fti. D\u0103deau vina pe terori\u015ftii \u015fi pe securi\u015ftii comuni\u015fti, dar \u00een schimb ei erau terori\u015ftii care omorau poporul. Serviciile militare ruse \u015fi franceze au plecat imediat din \u0163ar\u0103 c\u00e2nd au v\u0103zut m\u0103celul \u015fi au l\u0103sat criminalii s\u0103 fac\u0103 ce vor. C\u00e2nd au ap\u0103rut la TVR, Dinescu, Iliescu, Petre Roman, Gelu Voican Voiculescu \u015fi to\u0163i asasinii poporului au \u00eenceput s\u0103 joace \u015fi teatru c\u0103 a fugit Ceau\u015fescu,\u00a0<i>Am \u00eenvins, suntem liberi\u00a0\u00a0<\/i>etc. To\u0163i actorii comploti\u015fti colaboratori au ap\u0103rut la TV ca revolu\u0163ionari \u015fi oameni de \u00eencredere pentru popor, dar \u00een sufletele \u015fi inimile lor v\u0103rs\u0103ri de s\u00e2nge au f\u0103cut pentru oameni, femei nevinova\u0163i.\u00a0 Asasinii poporului au g\u00e2ndit-o bine, zic ei, lovitura de stat, dar cartea revolu\u0163iei f\u0103cut\u0103 de Ion Iliescu, \u00eei spunem noi\u00a0<i>Revolta asasinilor comuni\u015fti\u00a0<\/i>pentru a le ie\u015fi cu crime mii nu va sta \u00een picioare la dosarul penal de la Parchetul Cur\u0163ii Militare Bucure\u015fti. Cu informa\u0163iile \u015fi solicit\u0103rile noastre, v\u0103 garant\u0103m la to\u0163i comploti\u015ftii asasini, mii, pu\u015fc\u0103rie pe via\u0163\u0103. \u00cen leg\u0103tur\u0103 cu \u00eempu\u015fcarea celor 2, Nicolae Ceau\u015fescu \u015fi Elena Ceau\u015fescu, a fost o diversiune ordinar\u0103 programat\u0103 de subsemna\u0163ii men\u0163iona\u0163i.\u00a0 Ca actor a jucat \u00een locul lui\u00a0 Nicolae Ceau\u015fescu deghizat\u00a0 Sergiu Nicolaescu, care a jucat foarte prost, dar a prins la public \u015fi la popor.\u00a0 Cu chipurile \u00eempu\u015fcatul nea Sergiu Nicolaescu a mai tr\u0103it destul \u015fi Ceau\u015fescu p\u00e2n\u0103 acum aprox. 2 ani.\u00a0 La Elena Ceau\u015fescu, alt rol, o \u0163iganc\u0103 actri\u0163\u0103 care a jucat mai bini\u015for. Ceau\u015fe\u015ftii cei doi au fost trimi\u015fi de serviciile militare rom\u00e2ne \u00een combina\u0163ie cu serviciile militare URSS \u00een exil p\u00e2n\u0103 au decedat, nu cu mul\u0163i ani \u00een urm\u0103. Au avut grij\u0103 de ei cei care i-au p\u0103zit, dar strigau mai des c\u0103 le e dor de Rom\u00e2nia \u015fi de familiile lor. Nu au fost l\u0103sa\u0163i s\u0103 se \u00eentoarc\u0103, \u00eentruc\u00e2t stricau tot planul comploti\u015ftilor. A\u015fa s-au petrecut la toate loviturile de stat \u00een Rom\u00e2nia sau c\u00e2teodat\u0103 nu s-a l\u0103sat cu crime, doar cu mut\u0103ri, \u00eenl\u0103tur\u0103ri de la putere, precum regele Mihai.<\/div>\n<div>\n<p>Ace\u015fti comploti\u015fti mii, zeci de mii, care au participat \u00een toat\u0103 \u0163ara la lovitura de stat vor fi descoperi\u0163i, cerceta\u0163i \u015fi condamna\u0163i. La IML Bucure\u015fti, Ion Iliescu l-a pus director pe Vladimir Beli\u015f, un colaborator al serviciilor militare rom\u00e2ne, pentru a dirigja orice expertiz\u0103, ADN etc. Cum a cerut fiul lui Nicolae Ceau\u015fescu, Valentin, deshumarea p\u0103rin\u0163ilor lui, gata \u015fi domnul director Beli\u015f cu ADN-ul pe invers, adic\u0103 se afl\u0103 cadavrele Ceau\u015fe\u015ftilor \u00een cimitir la Bucure\u015fti. Totul o diversiune ordinar\u0103 f\u0103cut\u0103 de directorul Beli\u015f, ofi\u0163er colaborator al serviciilor militare rom\u00e2ne. A fost pus la IML Bucure\u015fti pentru a acoperi toate atacurile \u00eempotriva comploti\u015ftilor. S\u0103 vedem acum nea Ion Iliescu, Petre Roman, Dinescu, Gelu Voican Voiculescu \u015fi to\u0163i criminalii poporului dac\u0103 ADN-ul mai iese la Ceau\u015fe\u015ftii vo\u015ftri din cimitir. Deloc. Pentru c\u0103 \u015ftim noi mai bine dec\u00e2t voi multe, pu\u0163oilor comuni\u015fti.\u00a0 S\u0103 fi\u0163i mul\u0163umi\u0163i c\u0103 am\u00a0 avut mult de lucru la al\u0163i infractori \u015fi printre pic\u0103turi mai intra\u0163i \u015fi voi.\u00a0 S\u0103 fi\u0163i mul\u0163umi\u0163i de \u00eenregistr\u0103rile ( convorbirile ) \u00eentre voi nedepuse la procuror. Dar s-au str\u00e2ns probe destule cu ce mai solicit\u0103m pleca\u0163i to\u0163i la p\u00e2rnaie. A\u0163i avut \u015fi voi riscul meseriei,dar cu crimele nu-i de glum\u0103. S\u0103 nu v\u0103 mai da\u0163i revolu\u0163ionari sau s\u0103 v\u0103 mai l\u0103uda\u0163i prin a scrie c\u0103r\u0163i c\u0103 voi a\u0163i fost \u015fefii revolu\u0163iei rom\u00e2ne, \u00eentruc\u00e2t \u015fti\u0163i bine ceea ce a\u0163i f\u0103cut. V-a\u0163i f\u0103cut c\u0103r\u0163i ca cei mai mari nemernici \u015fi nu spune\u0163i adev\u0103rul: cine a omor\u00e2t poporul.\u00a0 Recunoa\u015fte\u0163i c\u00e2t mai ave\u0163i timp tot la procurorii militari c\u0103 va fi greu de voi, venim din spate \u015fi laterale cu multe probe.<\/p>\n<figure id=\"attachment_2881\" aria-describedby=\"caption-attachment-2881\" style=\"width: 210px\" class=\"wp-caption alignright\"><img loading=\"lazy\" decoding=\"async\" class=\"size-full wp-image-2881\" src=\"http:\/\/www.editiespecialapress.ro\/wp\/wp-content\/uploads\/2015\/08\/Generalul-Victor-Atanasie-Stanculescu-asasinul-poporului.jpg\" alt=\"Generalul Victor Atanasie Stanculescu, asasinul poporului\" width=\"210\" height=\"231\" \/><figcaption id=\"caption-attachment-2881\" class=\"wp-caption-text\">Generalul Victor Atanasie Stanculescu, asasinul poporului<\/figcaption><\/figure>\n<figure id=\"attachment_2882\" aria-describedby=\"caption-attachment-2882\" style=\"width: 215px\" class=\"wp-caption alignright\"><img loading=\"lazy\" decoding=\"async\" class=\"size-medium wp-image-2882\" src=\"http:\/\/www.editiespecialapress.ro\/wp\/wp-content\/uploads\/2015\/08\/Iulian-Vlad-ex-\u015feful-securit\u0103\u0163ii-p\u00e2n\u0103-\u00een-89-manager-a-mii-de-farmacii-Catena-\u00een-toat\u0103-\u0163ara-din-banii-fura\u0163i-din-conturile-statuluiu-215x300.jpg\" alt=\"Iulian Vlad, ex-\u015feful securit\u0103\u0163ii p\u00e2n\u0103 \u00een 89, manager a mii de farmacii Catena \u00een toat\u0103 \u0163ara din banii fura\u0163i din conturile statuluiu\" width=\"215\" height=\"300\" \/><figcaption id=\"caption-attachment-2882\" class=\"wp-caption-text\">Iulian Vlad, ex-\u015feful securit\u0103\u0163ii p\u00e2n\u0103 \u00een 89, manager a mii de farmacii Catena \u00een toat\u0103 \u0163ara din banii fura\u0163i din conturile statuluiu<\/figcaption><\/figure>\n<figure id=\"attachment_2883\" aria-describedby=\"caption-attachment-2883\" style=\"width: 400px\" class=\"wp-caption alignright\"><img loading=\"lazy\" decoding=\"async\" class=\"size-full wp-image-2883\" src=\"http:\/\/www.editiespecialapress.ro\/wp\/wp-content\/uploads\/2015\/08\/Mircea-Dinescu-asasinul-poporului-in-89.jpg\" alt=\"Mircea Dinescu asasinul poporului in 89\" width=\"400\" height=\"300\" \/><figcaption id=\"caption-attachment-2883\" class=\"wp-caption-text\">Mircea Dinescu asasinul poporului in 89<\/figcaption><\/figure>\n<figure id=\"attachment_2884\" aria-describedby=\"caption-attachment-2884\" style=\"width: 400px\" class=\"wp-caption alignright\"><img loading=\"lazy\" decoding=\"async\" class=\"size-medium wp-image-2884\" src=\"http:\/\/www.editiespecialapress.ro\/wp\/wp-content\/uploads\/2015\/08\/Mormintele-presupuse-ale-Ceau\u015fe\u015ftilor-dar-\u00een-schimb-sunt-alte-cadavre-introduse-de-comploti\u015fti-400x225.jpg\" alt=\"Mormintele presupuse ale Ceau\u015fe\u015ftilor dar \u00een schimb sunt alte cadavre introduse de comploti\u015fti\" width=\"400\" height=\"225\" \/><figcaption id=\"caption-attachment-2884\" class=\"wp-caption-text\">Mormintele presupuse ale Ceau\u015fe\u015ftilor dar \u00een schimb sunt alte cadavre introduse de comploti\u015fti<\/figcaption><\/figure>\n<\/div>\n<div>\n<p>G\u00e2t scurt Petre Roman nu prea a servit audieri \u00een dosarul acesta al chipurile, revolu\u0163iei, poate se vor g\u00e2ndi procurorii de caz s\u0103 \u00eei str\u00e2ng\u0103 pe to\u0163i care apar \u00een film\u0103rile din decembrie 1989 mai peste tot. Aceast\u0103 mizerie criminal\u0103 pe care a\u0163i pus-o la cale nu va avea rezultate legale \u00een favoarea voastr\u0103. V-a\u0163i bucurat de banii pe care i-a\u0163i furat din conturile lui Ceau\u015fescu \u015fi v-a\u0163i \u00eembog\u0103\u0163it ca fostul \u015fef al securit\u0103\u0163ii comuniste, Iulian Vlad.\u00a0 Acest securist comunist are lan\u0163uri de farmacii \u00een toate jude\u0163ele \u0163\u0103rii, inclusiv \u00een capital- farmaciile Catena. V\u0103 da\u0163i r\u0103ni\u0163i, s\u0103raci, dar bani grei \u00een conturi la dob\u00e2nd\u0103. \u015emecheri \u015fi voi, ce s\u0103 mai zicem. B\u0103ie\u0163i de\u015ftep\u0163i, nedovedi\u0163i, dar pe viitor, pu\u015fc\u0103ria\u015fi.<\/p>\n<\/div>\n<div>\n<p>1. Solicit\u0103m expertizarea film\u0103rilor de la procesul lui Nicolae Ceau\u015fescu \u015fi Elenei Ceau\u015fescu din decembrie 1989 \u015fi a film\u0103rilor de la\u00a0 presupusa \u00eempu\u015fcare a so\u0163ilor Ceau\u015fi\u015fti pentru a se stabili cu exactitate deghizarea actorului colaborator, Sergiu Nicolaescu \u00een rolul lui Nicolae Ceau\u015fescu, precum \u015fi actri\u0163a care a jucat rolul Elenei Ceau\u015fescu. O invit\u0103m la procurorii militari s\u0103 vin\u0103 s\u0103 recunoasc\u0103 c\u00e2t mai are timp.<\/p>\n<\/div>\n<div>\n<p>2. Solicit\u0103m s\u0103 se stabileasc\u0103 la teatru care s-a jucat rolul Elenei Ceau\u015fescu \u00een film\u0103rile din 1989 la proces\u00a0 \u015fi c\u00e2nd i-au ar\u0103tat c\u0103 au fost \u00eempu\u015fca\u0163i. De stabilit \u015fi diversiunile \u00eentre actorii din sala de judecat\u0103 cu chipurile Ceau\u015fe\u015ftii. Adic\u0103 expertizarea vocilor Ceau\u015fi\u015ftilor cu cele reale din alte \u00eenregistr\u0103ri p\u00e2n\u0103 \u00een &#8217;89.<\/p>\n<\/div>\n<div>\n<p>\u00a03. Solicit\u0103m ca procurorul de urm\u0103rire penal\u0103 s\u0103 dispun\u0103 deshumarea din nou a so\u0163ilor Ceau\u015fescu \u015fi stabilirea ADN \u00een laboratoarele din Austria sau \u00een alt\u0103 parte \u00een Europa. Aten\u0163ion\u0103m procurorii militari s\u0103 aib\u0103 mare grij\u0103 c\u0103 ace\u015ftia pot aduce cadavrele Ceau\u015fe\u015ftilor\u00a0 chiar \u00een morm\u00e2nt de unde au decedat la mii de km, cu c\u00e2\u0163iva ani \u00een urm\u0103.<\/p>\n<\/div>\n<div>\n<p>\u00a0 4. Solicit\u0103m expertizarea film\u0103rilor unde apar to\u0163i comploti\u015ftii, Ion Iliescu, Petre Roman, Gelu Voican Voiculescu, Dinescu etc. pentru a se stabili de c\u0103tre exper\u0163i c\u00e2t\u0103 diversiune pervers\u0103 au folosit comploti\u015ftii \u00eempotriva poporului.\u00a0 Verificarea vocal\u0103 prin diferite aparaturi electronice care stabilesc minciunile adresate \u00eempotriva poporului \u015fi diversiunile create non-stop.<\/p>\n<\/div>\n<div>\n<p>\u00a05. Solicit\u0103m testarea cu aparatul poligraf a fiec\u0103rui infractor.<\/p>\n<\/div>\n<div>\n<p>\u00a06. Solicit\u0103m verificarea conturilor \u00een b\u0103nci a fiec\u0103rui infractor, at\u00e2t \u00een Rom\u00e2nia, precum \u015fi \u00een Europa.<\/p>\n<\/div>\n<div>\u00a07. Solicit\u0103m punerea sub monitorizare a tuturor celor implica\u0163i de c\u0103tre SRI Bucure\u015fti.<\/div>\n<div>Solicit\u0103m autosesizare din partea procurorului general al Parchetului Militar de pe l\u00e2ng\u0103 Curtea Militar\u0103 Bucure\u015fti.<\/p>\n<figure id=\"attachment_2885\" aria-describedby=\"caption-attachment-2885\" style=\"width: 400px\" class=\"wp-caption alignright\"><img loading=\"lazy\" decoding=\"async\" class=\"size-medium wp-image-2885\" src=\"http:\/\/www.editiespecialapress.ro\/wp\/wp-content\/uploads\/2015\/08\/Nicolae-Militaru-asasinul-poporului-400x250.jpg\" alt=\"Nicolae Militaru asasinul poporului\" width=\"400\" height=\"250\" \/><figcaption id=\"caption-attachment-2885\" class=\"wp-caption-text\">Nicolae Militaru asasinul poporului<\/figcaption><\/figure>\n<figure id=\"attachment_2886\" aria-describedby=\"caption-attachment-2886\" style=\"width: 379px\" class=\"wp-caption alignright\"><img loading=\"lazy\" decoding=\"async\" class=\"size-medium wp-image-2886\" src=\"http:\/\/www.editiespecialapress.ro\/wp\/wp-content\/uploads\/2015\/08\/Procurorii-militari-complicii-comploti\u015ftilor-asasini-379x300.jpg\" alt=\"Procurorii militari, complicii comploti\u015ftilor asasini\" width=\"379\" height=\"300\" \/><figcaption id=\"caption-attachment-2886\" class=\"wp-caption-text\">Procurorii militari, complicii comploti\u015ftilor asasini<\/figcaption><\/figure>\n<figure id=\"attachment_2887\" aria-describedby=\"caption-attachment-2887\" style=\"width: 400px\" class=\"wp-caption alignright\"><img loading=\"lazy\" decoding=\"async\" class=\"size-medium wp-image-2887\" src=\"http:\/\/www.editiespecialapress.ro\/wp\/wp-content\/uploads\/2015\/08\/Victimele-comploti\u015ftilor-400x225.jpg\" alt=\"Victimele comploti\u015ftilor\" width=\"400\" height=\"225\" \/><figcaption id=\"caption-attachment-2887\" class=\"wp-caption-text\">Victimele comploti\u015ftilor<\/figcaption><\/figure>\n<\/div>\n<div style=\"text-align: right;\"><strong>\u00a0 Articol de <\/strong><br \/>\n<strong>Liviu Manea<\/strong><\/div>\n","protected":false},"excerpt":{"rendered":"<p>Dragii no\u015ftri cititori, continu\u0103m \u00een aceast\u0103 edi\u0163ie cu cei mai mari comploti\u015fti diversioni\u015fti asasini de la, chipurile, revolu\u0163ia Ion Iliescu etc 1989 care au b\u0103tut recordul \u00een lume la diversiuni, \u00eemb\u00e2rlic\u0103turi, asasinate \u00eempotriva poporului \u015fi dezinformarea poporului total c\u0103 l-ar fi \u00eempu\u015fcat ei pe Ceau\u015fescu Nicolae \u015fi pe Elena Ceau\u015fescu \u015fi c\u0103 ar fi revolu\u0163ionarii [&hellip;]<\/p>\n","protected":false},"author":2,"featured_media":2871,"comment_status":"closed","ping_status":"open","sticky":false,"template":"","format":"standard","meta":{"footnotes":""},"categories":[2],"tags":[134,135,136,137,138],"class_list":{"0":"post-2870","1":"post","2":"type-post","3":"status-publish","4":"format-standard","5":"has-post-thumbnail","7":"category-ancheta","8":"tag-amiralul-dinu-stefan","9":"tag-gelu-voican-voiculescu","10":"tag-ion-iliescu","11":"tag-nicolae-ceausescu","12":"tag-petre-roman"},"_links":{"self":[{"href":"https:\/\/www.editiespecialapress.ro\/newtest\/wp-json\/wp\/v2\/posts\/2870","targetHints":{"allow":["GET"]}}],"collection":[{"href":"https:\/\/www.editiespecialapress.ro\/newtest\/wp-json\/wp\/v2\/posts"}],"about":[{"href":"https:\/\/www.editiespecialapress.ro\/newtest\/wp-json\/wp\/v2\/types\/post"}],"author":[{"embeddable":true,"href":"https:\/\/www.editiespecialapress.ro\/newtest\/wp-json\/wp\/v2\/users\/2"}],"replies":[{"embeddable":true,"href":"https:\/\/www.editiespecialapress.ro\/newtest\/wp-json\/wp\/v2\/comments?post=2870"}],"version-history":[{"count":0,"href":"https:\/\/www.editiespecialapress.ro\/newtest\/wp-json\/wp\/v2\/posts\/2870\/revisions"}],"wp:featuredmedia":[{"embeddable":true,"href":"https:\/\/www.editiespecialapress.ro\/newtest\/wp-json\/"}],"wp:attachment":[{"href":"https:\/\/www.editiespecialapress.ro\/newtest\/wp-json\/wp\/v2\/media?parent=2870"}],"wp:term":[{"taxonomy":"category","embeddable":true,"href":"https:\/\/www.editiespecialapress.ro\/newtest\/wp-json\/wp\/v2\/categories?post=2870"},{"taxonomy":"post_tag","embeddable":true,"href":"https:\/\/www.editiespecialapress.ro\/newtest\/wp-json\/wp\/v2\/tags?post=2870"}],"curies":[{"name":"wp","href":"https:\/\/api.w.org\/{rel}","templated":true}]}}