{"id":2907,"date":"2015-08-10T06:27:45","date_gmt":"2015-08-10T06:27:45","guid":{"rendered":"http:\/\/www.editiespecialapress.ro\/?p=2907"},"modified":"2015-08-10T06:27:45","modified_gmt":"2015-08-10T06:27:45","slug":"urare-sf-maria-primaria-cepari","status":"publish","type":"post","link":"https:\/\/www.editiespecialapress.ro\/newtest\/2015\/08\/10\/urare-sf-maria-primaria-cepari\/","title":{"rendered":"Urare Sf. Maria primaria Cepari"},"content":{"rendered":"<p>Fie ca toate \u00eent\u00e2mpl\u0103rile frumoase si spiritul acestei zile sa va \u00eenso\u021beasc\u0103 pretutindeni. Va dorim o zi de Sf. Maria cat mai frumoasa! La multi ani!<\/p>\n<p style=\"text-align: right;\"><strong>Primaria Cepari AG, <\/strong><br \/>\n<strong>primar Minculete Gheorghe si angajatii primariei<\/strong><\/p>\n","protected":false},"excerpt":{"rendered":"<p>Fie ca toate \u00eent\u00e2mpl\u0103rile frumoase si spiritul acestei zile sa va \u00eenso\u021beasc\u0103 pretutindeni. Va dorim o zi de Sf. Maria cat mai frumoasa! La multi ani! Primaria Cepari AG, primar Minculete Gheorghe si angajatii primariei<\/p>\n","protected":false},"author":2,"featured_media":2908,"comment_status":"closed","ping_status":"open","sticky":false,"template":"","format":"standard","meta":{"footnotes":""},"categories":[4],"tags":[],"class_list":{"0":"post-2907","1":"post","2":"type-post","3":"status-publish","4":"format-standard","5":"has-post-thumbnail","7":"category-felicitari"},"_links":{"self":[{"href":"https:\/\/www.editiespecialapress.ro\/newtest\/wp-json\/wp\/v2\/posts\/2907","targetHints":{"allow":["GET"]}}],"collection":[{"href":"https:\/\/www.editiespecialapress.ro\/newtest\/wp-json\/wp\/v2\/posts"}],"about":[{"href":"https:\/\/www.editiespecialapress.ro\/newtest\/wp-json\/wp\/v2\/types\/post"}],"author":[{"embeddable":true,"href":"https:\/\/www.editiespecialapress.ro\/newtest\/wp-json\/wp\/v2\/users\/2"}],"replies":[{"embeddable":true,"href":"https:\/\/www.editiespecialapress.ro\/newtest\/wp-json\/wp\/v2\/comments?post=2907"}],"version-history":[{"count":0,"href":"https:\/\/www.editiespecialapress.ro\/newtest\/wp-json\/wp\/v2\/posts\/2907\/revisions"}],"wp:featuredmedia":[{"embeddable":true,"href":"https:\/\/www.editiespecialapress.ro\/newtest\/wp-json\/"}],"wp:attachment":[{"href":"https:\/\/www.editiespecialapress.ro\/newtest\/wp-json\/wp\/v2\/media?parent=2907"}],"wp:term":[{"taxonomy":"category","embeddable":true,"href":"https:\/\/www.editiespecialapress.ro\/newtest\/wp-json\/wp\/v2\/categories?post=2907"},{"taxonomy":"post_tag","embeddable":true,"href":"https:\/\/www.editiespecialapress.ro\/newtest\/wp-json\/wp\/v2\/tags?post=2907"}],"curies":[{"name":"wp","href":"https:\/\/api.w.org\/{rel}","templated":true}]}}