{"id":2910,"date":"2015-08-10T06:28:49","date_gmt":"2015-08-10T06:28:49","guid":{"rendered":"http:\/\/www.editiespecialapress.ro\/?p=2910"},"modified":"2015-08-10T06:28:49","modified_gmt":"2015-08-10T06:28:49","slug":"urare-sf-maria-primaria-merisani","status":"publish","type":"post","link":"https:\/\/www.editiespecialapress.ro\/newtest\/2015\/08\/10\/urare-sf-maria-primaria-merisani\/","title":{"rendered":"Urare Sf. Maria primaria Merisani"},"content":{"rendered":"<p>De Sf. Maria, zi de mare s\u0103rb\u0103toare primiti din partea noastra cele mai sincere urari de bine, s\u0103n\u0103tate, mult noroc si \u00eemplinirea tuturor dorin\u021belor. Dumnezeu sa va c\u0103l\u0103uzeasc\u0103 in tot ceea ce faceti. La mul\u021bi ani de Sfanta Maria!<\/p>\n<p style=\"text-align: right;\"><strong>Primaria Merisani AG, <\/strong><br \/>\n<strong>primar Ionescu Marius Luigi si angajatii primariei<\/strong><\/p>\n","protected":false},"excerpt":{"rendered":"<p>De Sf. Maria, zi de mare s\u0103rb\u0103toare primiti din partea noastra cele mai sincere urari de bine, s\u0103n\u0103tate, mult noroc si \u00eemplinirea tuturor dorin\u021belor. Dumnezeu sa va c\u0103l\u0103uzeasc\u0103 in tot ceea ce faceti. La mul\u021bi ani de Sfanta Maria! Primaria Merisani AG, primar Ionescu Marius Luigi si angajatii primariei<\/p>\n","protected":false},"author":2,"featured_media":2911,"comment_status":"closed","ping_status":"open","sticky":false,"template":"","format":"standard","meta":{"footnotes":""},"categories":[4],"tags":[],"class_list":{"0":"post-2910","1":"post","2":"type-post","3":"status-publish","4":"format-standard","5":"has-post-thumbnail","7":"category-felicitari"},"_links":{"self":[{"href":"https:\/\/www.editiespecialapress.ro\/newtest\/wp-json\/wp\/v2\/posts\/2910","targetHints":{"allow":["GET"]}}],"collection":[{"href":"https:\/\/www.editiespecialapress.ro\/newtest\/wp-json\/wp\/v2\/posts"}],"about":[{"href":"https:\/\/www.editiespecialapress.ro\/newtest\/wp-json\/wp\/v2\/types\/post"}],"author":[{"embeddable":true,"href":"https:\/\/www.editiespecialapress.ro\/newtest\/wp-json\/wp\/v2\/users\/2"}],"replies":[{"embeddable":true,"href":"https:\/\/www.editiespecialapress.ro\/newtest\/wp-json\/wp\/v2\/comments?post=2910"}],"version-history":[{"count":0,"href":"https:\/\/www.editiespecialapress.ro\/newtest\/wp-json\/wp\/v2\/posts\/2910\/revisions"}],"wp:featuredmedia":[{"embeddable":true,"href":"https:\/\/www.editiespecialapress.ro\/newtest\/wp-json\/"}],"wp:attachment":[{"href":"https:\/\/www.editiespecialapress.ro\/newtest\/wp-json\/wp\/v2\/media?parent=2910"}],"wp:term":[{"taxonomy":"category","embeddable":true,"href":"https:\/\/www.editiespecialapress.ro\/newtest\/wp-json\/wp\/v2\/categories?post=2910"},{"taxonomy":"post_tag","embeddable":true,"href":"https:\/\/www.editiespecialapress.ro\/newtest\/wp-json\/wp\/v2\/tags?post=2910"}],"curies":[{"name":"wp","href":"https:\/\/api.w.org\/{rel}","templated":true}]}}