{"id":2913,"date":"2015-08-10T06:29:51","date_gmt":"2015-08-10T06:29:51","guid":{"rendered":"http:\/\/www.editiespecialapress.ro\/?p=2913"},"modified":"2015-08-10T06:29:51","modified_gmt":"2015-08-10T06:29:51","slug":"urare-sf-maria-primaria-bogati","status":"publish","type":"post","link":"https:\/\/www.editiespecialapress.ro\/newtest\/2015\/08\/10\/urare-sf-maria-primaria-bogati\/","title":{"rendered":"Urare Sf. Maria primaria Bogati"},"content":{"rendered":"<p>Va uram s\u0103 aveti o zi a numelui la fel de colorat\u0103 precum aripile unui fluture, la fel de fericit\u0103 precum c\u00e2ntecul privighetoarei \u015fi la fel de frumoas\u0103 precum o gradin\u0103 plin\u0103 cu flori. La multi ani de Sfanta Maria!<\/p>\n<p style=\"text-align: right;\"><strong>Primaria Bogati AG, <\/strong><br \/>\n<strong>primar Garleanu Ion si angajatii primariei<\/strong><\/p>\n","protected":false},"excerpt":{"rendered":"<p>Va uram s\u0103 aveti o zi a numelui la fel de colorat\u0103 precum aripile unui fluture, la fel de fericit\u0103 precum c\u00e2ntecul privighetoarei \u015fi la fel de frumoas\u0103 precum o gradin\u0103 plin\u0103 cu flori. La multi ani de Sfanta Maria! Primaria Bogati AG, primar Garleanu Ion si angajatii primariei<\/p>\n","protected":false},"author":2,"featured_media":2914,"comment_status":"closed","ping_status":"open","sticky":false,"template":"","format":"standard","meta":{"footnotes":""},"categories":[4],"tags":[],"class_list":{"0":"post-2913","1":"post","2":"type-post","3":"status-publish","4":"format-standard","5":"has-post-thumbnail","7":"category-felicitari"},"_links":{"self":[{"href":"https:\/\/www.editiespecialapress.ro\/newtest\/wp-json\/wp\/v2\/posts\/2913","targetHints":{"allow":["GET"]}}],"collection":[{"href":"https:\/\/www.editiespecialapress.ro\/newtest\/wp-json\/wp\/v2\/posts"}],"about":[{"href":"https:\/\/www.editiespecialapress.ro\/newtest\/wp-json\/wp\/v2\/types\/post"}],"author":[{"embeddable":true,"href":"https:\/\/www.editiespecialapress.ro\/newtest\/wp-json\/wp\/v2\/users\/2"}],"replies":[{"embeddable":true,"href":"https:\/\/www.editiespecialapress.ro\/newtest\/wp-json\/wp\/v2\/comments?post=2913"}],"version-history":[{"count":0,"href":"https:\/\/www.editiespecialapress.ro\/newtest\/wp-json\/wp\/v2\/posts\/2913\/revisions"}],"wp:featuredmedia":[{"embeddable":true,"href":"https:\/\/www.editiespecialapress.ro\/newtest\/wp-json\/"}],"wp:attachment":[{"href":"https:\/\/www.editiespecialapress.ro\/newtest\/wp-json\/wp\/v2\/media?parent=2913"}],"wp:term":[{"taxonomy":"category","embeddable":true,"href":"https:\/\/www.editiespecialapress.ro\/newtest\/wp-json\/wp\/v2\/categories?post=2913"},{"taxonomy":"post_tag","embeddable":true,"href":"https:\/\/www.editiespecialapress.ro\/newtest\/wp-json\/wp\/v2\/tags?post=2913"}],"curies":[{"name":"wp","href":"https:\/\/api.w.org\/{rel}","templated":true}]}}