{"id":2997,"date":"2015-09-07T08:26:08","date_gmt":"2015-09-07T08:26:08","guid":{"rendered":"http:\/\/www.editiespecialapress.ro\/?p=2997"},"modified":"2015-09-07T08:26:08","modified_gmt":"2015-09-07T08:26:08","slug":"urare-sf-maria-mica-bascov","status":"publish","type":"post","link":"https:\/\/www.editiespecialapress.ro\/newtest\/2015\/09\/07\/urare-sf-maria-mica-bascov\/","title":{"rendered":"Urare Sf. Maria Mica &#8211; Bascov"},"content":{"rendered":"<p>De ziua numelui dumneavoastr\u0103, v\u0103 dorim tot binele din lume, noroc, fericire \u015fi s\u0103n\u0103tate. S\u0103 vi se \u00eendeplineasc\u0103 toate dorin\u0163ele pe care o s\u0103 vi le pune\u0163i. La multi ani de Sf\u00e2nta Maria!<\/p>\n<p style=\"text-align: right;\"><strong>Prim\u0103ria Bascov, <\/strong><br \/>\n<strong>primar Stancu Gheorghe \u015fi angaja\u0163ii prim\u0103riei<\/strong><\/p>\n","protected":false},"excerpt":{"rendered":"<p>De ziua numelui dumneavoastr\u0103, v\u0103 dorim tot binele din lume, noroc, fericire \u015fi s\u0103n\u0103tate. S\u0103 vi se \u00eendeplineasc\u0103 toate dorin\u0163ele pe care o s\u0103 vi le pune\u0163i. La multi ani de Sf\u00e2nta Maria! Prim\u0103ria Bascov, primar Stancu Gheorghe \u015fi angaja\u0163ii prim\u0103riei<\/p>\n","protected":false},"author":2,"featured_media":2990,"comment_status":"closed","ping_status":"open","sticky":false,"template":"","format":"standard","meta":{"footnotes":""},"categories":[4],"tags":[],"class_list":{"0":"post-2997","1":"post","2":"type-post","3":"status-publish","4":"format-standard","5":"has-post-thumbnail","7":"category-felicitari"},"_links":{"self":[{"href":"https:\/\/www.editiespecialapress.ro\/newtest\/wp-json\/wp\/v2\/posts\/2997","targetHints":{"allow":["GET"]}}],"collection":[{"href":"https:\/\/www.editiespecialapress.ro\/newtest\/wp-json\/wp\/v2\/posts"}],"about":[{"href":"https:\/\/www.editiespecialapress.ro\/newtest\/wp-json\/wp\/v2\/types\/post"}],"author":[{"embeddable":true,"href":"https:\/\/www.editiespecialapress.ro\/newtest\/wp-json\/wp\/v2\/users\/2"}],"replies":[{"embeddable":true,"href":"https:\/\/www.editiespecialapress.ro\/newtest\/wp-json\/wp\/v2\/comments?post=2997"}],"version-history":[{"count":0,"href":"https:\/\/www.editiespecialapress.ro\/newtest\/wp-json\/wp\/v2\/posts\/2997\/revisions"}],"wp:featuredmedia":[{"embeddable":true,"href":"https:\/\/www.editiespecialapress.ro\/newtest\/wp-json\/"}],"wp:attachment":[{"href":"https:\/\/www.editiespecialapress.ro\/newtest\/wp-json\/wp\/v2\/media?parent=2997"}],"wp:term":[{"taxonomy":"category","embeddable":true,"href":"https:\/\/www.editiespecialapress.ro\/newtest\/wp-json\/wp\/v2\/categories?post=2997"},{"taxonomy":"post_tag","embeddable":true,"href":"https:\/\/www.editiespecialapress.ro\/newtest\/wp-json\/wp\/v2\/tags?post=2997"}],"curies":[{"name":"wp","href":"https:\/\/api.w.org\/{rel}","templated":true}]}}