{"id":2999,"date":"2015-09-07T08:26:49","date_gmt":"2015-09-07T08:26:49","guid":{"rendered":"http:\/\/www.editiespecialapress.ro\/?p=2999"},"modified":"2015-09-07T08:26:49","modified_gmt":"2015-09-07T08:26:49","slug":"urare-sf-maria-mica-esp","status":"publish","type":"post","link":"https:\/\/www.editiespecialapress.ro\/newtest\/2015\/09\/07\/urare-sf-maria-mica-esp\/","title":{"rendered":"Urare Sf. Maria Mica &#8211; ESP"},"content":{"rendered":"<p>\u00cen aceast\u0103 zi special\u0103, v\u0103 transmitem cele mai sincere ur\u0103ri. S\u0103 ave\u0163i o via\u0163\u0103 plin\u0103 de lucruri bune, iar Sf\u00e2nta Maria al c\u0103rei nume \u00eel purta\u0163i s\u0103 v\u0103 ocroteasc\u0103 mereu. La mul\u0163i ani de Sf\u00e2nta Maria!<\/p>\n<p style=\"text-align: right;\"><strong>Edi\u0163ie Special\u0103 Press,\u00a0 <\/strong><br \/>\n<strong>director gnr. Iulian Ratea \u015fi toat\u0103 redac\u0163ia<\/strong><\/p>\n","protected":false},"excerpt":{"rendered":"<p>\u00cen aceast\u0103 zi special\u0103, v\u0103 transmitem cele mai sincere ur\u0103ri. S\u0103 ave\u0163i o via\u0163\u0103 plin\u0103 de lucruri bune, iar Sf\u00e2nta Maria al c\u0103rei nume \u00eel purta\u0163i s\u0103 v\u0103 ocroteasc\u0103 mereu. La mul\u0163i ani de Sf\u00e2nta Maria! Edi\u0163ie Special\u0103 Press,\u00a0 director gnr. Iulian Ratea \u015fi toat\u0103 redac\u0163ia<\/p>\n","protected":false},"author":2,"featured_media":2992,"comment_status":"closed","ping_status":"open","sticky":false,"template":"","format":"standard","meta":{"footnotes":""},"categories":[4],"tags":[],"class_list":{"0":"post-2999","1":"post","2":"type-post","3":"status-publish","4":"format-standard","5":"has-post-thumbnail","7":"category-felicitari"},"_links":{"self":[{"href":"https:\/\/www.editiespecialapress.ro\/newtest\/wp-json\/wp\/v2\/posts\/2999","targetHints":{"allow":["GET"]}}],"collection":[{"href":"https:\/\/www.editiespecialapress.ro\/newtest\/wp-json\/wp\/v2\/posts"}],"about":[{"href":"https:\/\/www.editiespecialapress.ro\/newtest\/wp-json\/wp\/v2\/types\/post"}],"author":[{"embeddable":true,"href":"https:\/\/www.editiespecialapress.ro\/newtest\/wp-json\/wp\/v2\/users\/2"}],"replies":[{"embeddable":true,"href":"https:\/\/www.editiespecialapress.ro\/newtest\/wp-json\/wp\/v2\/comments?post=2999"}],"version-history":[{"count":0,"href":"https:\/\/www.editiespecialapress.ro\/newtest\/wp-json\/wp\/v2\/posts\/2999\/revisions"}],"wp:featuredmedia":[{"embeddable":true,"href":"https:\/\/www.editiespecialapress.ro\/newtest\/wp-json\/"}],"wp:attachment":[{"href":"https:\/\/www.editiespecialapress.ro\/newtest\/wp-json\/wp\/v2\/media?parent=2999"}],"wp:term":[{"taxonomy":"category","embeddable":true,"href":"https:\/\/www.editiespecialapress.ro\/newtest\/wp-json\/wp\/v2\/categories?post=2999"},{"taxonomy":"post_tag","embeddable":true,"href":"https:\/\/www.editiespecialapress.ro\/newtest\/wp-json\/wp\/v2\/tags?post=2999"}],"curies":[{"name":"wp","href":"https:\/\/api.w.org\/{rel}","templated":true}]}}