{"id":3176,"date":"2015-10-25T23:07:13","date_gmt":"2015-10-25T20:07:13","guid":{"rendered":"http:\/\/www.editiespecialapress.ro\/?p=3176"},"modified":"2015-10-25T23:07:13","modified_gmt":"2015-10-25T20:07:13","slug":"procuratorul-militar-comunist-lt-colonel-moraru-traian-de-la-parchetul-tribunalului-militar-bucuresti-si-maiorul-comunist-culturist-de-la-jandarmeria-romana-b-au-creat-o-diversiune-in-dosarul-nr-2","status":"publish","type":"post","link":"https:\/\/www.editiespecialapress.ro\/newtest\/2015\/10\/25\/procuratorul-militar-comunist-lt-colonel-moraru-traian-de-la-parchetul-tribunalului-militar-bucuresti-si-maiorul-comunist-culturist-de-la-jandarmeria-romana-b-au-creat-o-diversiune-in-dosarul-nr-2\/","title":{"rendered":"Procuratorul militar comunist lt. colonel Moraru Traian de la Parchetul Tribunalului Militar Bucure\u015fti  \u015fi maiorul comunist culturist de la Jandarmeria Rom\u00e2n\u0103 B. au creat o diversiune \u00een dosarul nr. 281\/P\/2015 favoriz\u00e2nd to\u0163i infractorii jandarmeriei de la ANAF Arge\u015f \u00een leg\u0103tur\u0103 cu sechestrarea directorului publica\u0163iei, Iulian Ratea, au \u00eencasat de la infractori mii de euro, clas\u00e2nd cauza, la ei fiind la mod\u0103 pe euro toate NUP-urile \u015fi clas\u0103rile dosarelor"},"content":{"rendered":"<figure id=\"attachment_3178\" aria-describedby=\"caption-attachment-3178\" style=\"width: 400px\" class=\"wp-caption alignright\"><img loading=\"lazy\" decoding=\"async\" class=\"size-medium wp-image-3178\" src=\"http:\/\/www.editiespecialapress.ro\/wp\/wp-content\/uploads\/2015\/10\/Cojocaru-Petric---rudar---mpu--it-care-sechestreaz-----i-t--lh--re--te-cet----eni---n-biroul-lui-400x266.jpg\" alt=\"Cojocaru Petric\u0103, rudar \u00eempu\u0163it care sechestreaz\u0103 \u015fi t\u00e2lh\u0103re\u015fte cet\u0103\u0163eni \u00een biroul lui\" width=\"400\" height=\"266\" \/><figcaption id=\"caption-attachment-3178\" class=\"wp-caption-text\">Cojocaru Petric\u0103, rudar \u00eempu\u0163it care sechestreaz\u0103 \u015fi t\u00e2lh\u0103re\u015fte cet\u0103\u0163eni \u00een biroul lui<\/figcaption><\/figure>\n<p>Procurorul militar comunist, lt. colonel Moraru Traian, \u015fi culturistul comunist maior de la Jandarmeria Rom\u00e2n\u0103 au clasat dosarul nr. 281\/P\/2015 al Parchetului Tribunalului Militar, favoriz\u00e2nd to\u0163i infractorii jandarmeriei de la ANAF AG pentru mii de euro la acest caz \u015fi la mii de dosare pentru zeci de mii de euro pe bucata de dosar.<\/p>\n<p>Dragii no\u015ftri cititori, continu\u0103m \u00een aceast\u0103 edi\u0163ie cu cel mai corupt procuror militar \u015fi ofi\u0163er al Jandarmeriei Bucure\u015fti.<\/p>\n<p>&nbsp;<\/p>\n<figure id=\"attachment_3179\" aria-describedby=\"caption-attachment-3179\" style=\"width: 261px\" class=\"wp-caption alignright\"><img loading=\"lazy\" decoding=\"async\" class=\"size-medium wp-image-3179\" src=\"http:\/\/www.editiespecialapress.ro\/wp\/wp-content\/uploads\/2015\/10\/Colonelul---erb--nic---Georgel-Jandarmeria-Arge---cel-mai-mare-corupt-traficant-de---p--gi-la---efii-lor-de-la-Direc--ie---i-la-procurorii-militari-261x300.jpg\" alt=\"Colonelul \u015eerb\u0103nic\u0103 Georgel, Jandarmeria Arge\u015f, cel mai mare corupt traficant de \u015fp\u0103gi la \u015fefii lor de la Direc\u0163ie \u015fi la procurorii militari\" width=\"261\" height=\"300\" \/><figcaption id=\"caption-attachment-3179\" class=\"wp-caption-text\">Colonelul \u015eerb\u0103nic\u0103 Georgel, Jandarmeria Arge\u015f, cel mai mare corupt traficant de \u015fp\u0103gi la \u015fefii lor de la Direc\u0163ie \u015fi la procurorii militari<\/figcaption><\/figure>\n<p>Directorul publica\u0163iei noastre a fost sechestrat timp de o or\u0103 de jandarmii de la ANAF AG \u00een data de 27.05.2014 pentru c\u0103 \u00eei f\u0103cuse o poz\u0103 jandarmului de la intrare pentru identificare \u00eentruc\u00e2t acela refuzase s\u0103 se prezinte \u015fi comitea numai infrac\u0163iuni grave \u00een timpul serviciului. Infractorul plutonier major, \u015etefan Marius, c\u00e2nd s-a v\u0103zut pozat, gata a s\u0103rit la directorul Iulian Ratea, s\u0103-l duc\u0103 la rudarul poponar de director ANAF Pite\u015fti, Cojocaru Petric\u0103. Au ajuns \u00een birou, la care au ap\u0103rut \u00een vitez\u0103 \u015fi plutonierul major Popescu Gelu Teodor \u015fi alt nemernic de jandarm, plus purt\u0103toarea de cuv\u00e2nt masochist\u0103.\u00a0 Au \u00eenchis u\u015fa, i-au solicitat lui Iulian Ratea aparatul foto, el nu a vrut s\u0103 le dea aparatul, au s\u0103rit to\u0163i trei pe el s\u0103 \u00eei ia aparatul din m\u00e2n\u0103 cu for\u0163a, amenin\u0163\u00e2ndu-l c\u0103-l duc la arest, a pozat obiectivul, depozitul de bani etc.\u00a0 Totul minciuni din partea infractorilor! L-au tras de m\u00e2ini \u015fi i-au smuls aparatul foto \u015fi au \u00eenceput s\u0103 dea cu el de mas\u0103 \u015fi s\u0103 spun\u0103 c\u0103 \u00eel vor distruge, o s\u0103 \u00eei \u015ftearg\u0103 toate pozele, precum au \u015fi f\u0103cut-o. Cojocaru Petric\u0103, rudar de ras\u0103, a sunt la trupele de interven\u0163ie pentru a veni s\u0103-l ia pe director. Pentru ce, el \u015ftie, psihopatul!\u00a0 Directorul Ratea a sunat la 112, f\u0103c\u00e2ndu-i leg\u0103tura la secretara inspectorului \u015fef IPJ AG, semnal\u00e2ndu-i c\u0103-l \u0163in sechestrat \u00een birou directorul Cojocaru, trei jandarmi \u015fi purt\u0103toarea de cuv\u00e2nt, plus jandarmii care erau pe hol \u015fi ceilal\u0163i care trebuiau s\u0103 vin\u0103 de la trupele de interven\u0163ie. Ace\u015ftia s-au speriat de diretorul Ratea, crez\u00e2nd c\u0103 le-a pus microfoane \u015fi camere \u00een birou. Oricum nu le punea ziua dac\u0103 avea de pus. Le-a spus c\u0103 au dispozitive \u015fi tot ceea ce \u00eenseamn\u0103 aparatur\u0103 de monitorizare \u00een birouri pentru toate ramburs\u0103rile de TVA pe care le-a f\u0103cut \u00een schimbul a zeci, sute de mii de euro la fiecare dosar aprobat pe blat. Plutonierul tablagiu, Popescu Gelu, a plecat cu aparatul foto din birou \u015fi pe hol\u00a0 a \u00eenceput s\u0103-l butoneze, \u015fterg\u00e2nd cele 600 de foto din aparat cu alte cazuri, nu de la ANAF.<\/p>\n<figure id=\"attachment_3180\" aria-describedby=\"caption-attachment-3180\" style=\"width: 291px\" class=\"wp-caption alignleft\"><img loading=\"lazy\" decoding=\"async\" class=\"size-medium wp-image-3180\" src=\"http:\/\/www.editiespecialapress.ro\/wp\/wp-content\/uploads\/2015\/10\/Infractorii-jandarmi-care-sechestreaz---persoane---i-t--lh--resc-cet----enii-din-administra--ia-fiscal---Pite--ti-291x300.jpg\" alt=\"Infractorii jandarmi care sechestreaz\u0103 persoane \u015fi t\u00e2lh\u0103resc cet\u0103\u0163enii din administra\u0163ia fiscal\u0103 Pite\u015fti\" width=\"291\" height=\"300\" \/><figcaption id=\"caption-attachment-3180\" class=\"wp-caption-text\">Infractorii jandarmi care sechestreaz\u0103 persoane \u015fi t\u00e2lh\u0103resc cet\u0103\u0163enii din administra\u0163ia fiscal\u0103 Pite\u015fti<\/figcaption><\/figure>\n<figure id=\"attachment_3181\" aria-describedby=\"caption-attachment-3181\" style=\"width: 400px\" class=\"wp-caption alignleft\"><img loading=\"lazy\" decoding=\"async\" class=\"size-medium wp-image-3181\" src=\"http:\/\/www.editiespecialapress.ro\/wp\/wp-content\/uploads\/2015\/10\/Jandarmi-talhari-abuzivi-hoti-ANAF-Arges-400x234-400x234.jpg\" alt=\"Jandarmi talhari abuzivi hoti ANAF Arges\" width=\"400\" height=\"234\" \/><figcaption id=\"caption-attachment-3181\" class=\"wp-caption-text\">Jandarmi talhari abuzivi hoti ANAF Arges<\/figcaption><\/figure>\n<figure id=\"attachment_3182\" aria-describedby=\"caption-attachment-3182\" style=\"width: 400px\" class=\"wp-caption alignright\"><img loading=\"lazy\" decoding=\"async\" class=\"wp-image-3182 size-medium\" src=\"http:\/\/www.editiespecialapress.ro\/wp\/wp-content\/uploads\/2015\/10\/Jandarmul---tefan-Marius-care-a-fost-pozat-de-directorul-Iulian-Ratea-400x272.jpg\" alt=\"\" width=\"400\" height=\"272\" \/><figcaption id=\"caption-attachment-3182\" class=\"wp-caption-text\">Jandarmul \u015etefan Marius care a fost pozat de directorul Iulian Ratea<\/figcaption><\/figure>\n<p>Dup\u0103 circa 40 de minute l-au dus jos la jandarmi, la cei de la trupele speciale, acolo s-a prezentat Neaga Sorin, plutonier tablagiu, Savu Cornel tablagiu, Grigore Gabriel tablagiu.\u00a0 Au \u00eenceput s\u0103 \u0163ipe c\u0103 a f\u0103cut poze \u00een administra\u0163ie.\u00a0 Ratea le-a spus c\u0103\u00a0 a f\u0103cut o poz\u0103 jandarmului \u015etefan Marius pentru identificare, \u00eentruc\u00e2t nu a vrut s\u0103 se prezinte, comintea infrac\u0163iuni grave \u00een timpul serviciului. Plutonierul Neaga Sorin a\u00a0 verificat\u00a0 \u015fi l-a \u00eentrebat pe \u015etefan Marius dac\u0103 este adev\u0103rat, el i-a spus c\u0103 a\u015fa e, dar nu are voie s\u0103-i fac\u0103 poze lui \u00een ANAF. Neaga Sorin, \u015feful trupei de interven\u0163ie, i-a spus lui Ratea c\u0103 o s\u0103-i dea un avertisment. Problema e c\u0103 toat\u0103 verificarea a durat 20 de minute, \u00een acel timp directorul Ratea nu a fost l\u0103sat s\u0103 plece, ci din contr\u0103 era amenin\u0163at de to\u0163i jandarmii administra\u0163iei \u015fi ai trupelor de interven\u0163ie. Au pus la intrare un semn de\u00a0<em>Interzis fotografiatul, filmatul etc.,\u00a0<\/em>\u00een mod abuziv \u00eentruc\u00e2t circul\u0103 mii de persoane zilnic care au treab\u0103 la ANAF.\u00a0 Este prev\u0103zut \u00een ordonan\u0163e interzisul pozatului etc. doar \u00een incinta birourilor lor, depozitelor cu bani etc. Ei trebuia s\u0103 pun\u0103 acele semne cu interzis<em>\u00a0<\/em>foto la jandarmul de la a doua u\u015f\u0103 spre birouri, spre depozitul de bani<\/p>\n<p>de unde fur\u0103 jandarmii \u015fi Cojocaru noaptea. \u00cen primul r\u00e2nd, nu este o institu\u0163ie din cadrul Ministerului de Justi\u0163ie, Parchete, M.A.I., SRI etc. care s\u0103 prevad\u0103 semnele cu interzis foto.\u00a0 Directorul Iulian Ratea a formulat o sesizare \u00eempotriva acestora \u015fi au ap\u0103rut ca organ de cercetare penal\u0103 maiorul comunist culturist al Jandarmeriei Bucure\u015fti trimis de procuratorul lt. colonel, Moraru Traian. A fost audiat \u00een cauz\u0103, explic\u00e2ndu-i \u015fi scriindu-i toate cele petrecute, infrac\u0163iuni grave \u00een data de 27.05.2014. C\u00e2nd a mers la audieri la sediul jandarmeriei Pite\u015fti, str. Zmeura, era culturistul comunist maior jandarm \u00eentr-o camer\u0103 malefic\u0103 unde te sim\u0163i ca \u00een iad, deja nu po\u0163i g\u00e2ndi, \u00eentr-un cuv\u00e2nt te ia apa din cauza maleficilor. C\u00e2nd ie\u015fi din acea camer\u0103, te sim\u0163i distrus, greu s\u0103-\u0163i mai revii. Dac\u0103 le recomand\u0103m s\u0103 t\u0103m\u00e2ie camera, pleac\u0103 to\u0163i dracii din camer\u0103 \u015fi din ei. Dup\u0103 ce a fost audiat directorul Ratea, maleficul culturist comunist de maior l-a sunat pe colonelul cel mai corupt, Georgel \u015eerb\u0103nic\u0103 prim-adjunct al inspectorului \u015fef al Jandarmeriei Arge\u015f pentru a-i spune c\u0103\u00a0<em>l-am terminat \u015fi pe \u0103sta, a plecat capiu de la mine<\/em>.\u00a0<em>S\u0103 vii s\u0103 ne vedem pentru a stabili cum rezolv\u0103m situa\u0163ia b\u0103ie\u0163ilor, adic\u0103 a jandarmilor de la ANAF Pite\u015fti \u015fi a celor de la trupele de interven\u0163ie.<\/em>\u00a0S-au \u00eent\u00e2lnit b\u0103ie\u0163ii de\u015ftep\u0163i, au stabilit cum s\u0103 o pun\u0103 s\u0103 ias\u0103 bine la bie\u0163ii infractori, dar n-au \u015ftiut c\u0103 o s\u0103 o pun\u0103 la fund la arest. \u00cenregistr\u0103rile \u00eentre ei au fost verificare a\u015fa c\u0103 le va solicita \u015fi procurorul de cercetare penal\u0103 de la DNA Militar\u0103 care \u00eei va cerceta.\u00a0 Oricum ace\u015ftia se ocup\u0103 numai de \u015fp\u0103gi, tranzac\u0163ii de la jandarmi la procurori \u015fi uite a\u015fa se dau clas\u0103ri la to\u0163i infractorii pe care \u00eei cerceteaz\u0103. Banii, banii, banii-s\u00a0 la putere dar \u015fi mita \u015fi-a spus cuv\u00e2ntul. Ne a\u015ftept\u0103m ca cei de la DNA Militar\u0103 s\u0103 nu le verifice convorbirile telefonice pe ultimii ani sau s\u0103 le stabileasc\u0103 traseele pe unde s-au \u00eent\u00e2lnit. Au mai f\u0103cut ei din astea \u015fi au sc\u0103pat infractorii. Le va lua<\/p>\n<figure id=\"attachment_3185\" aria-describedby=\"caption-attachment-3185\" style=\"width: 400px\" class=\"wp-caption alignright\"><img loading=\"lazy\" decoding=\"async\" class=\"size-medium wp-image-3185\" src=\"http:\/\/www.editiespecialapress.ro\/wp\/wp-content\/uploads\/2015\/10\/Plutonier-major-Popescu-Gelu-talhar-abuziv-hot-aparat-foto-care-a-sters-fotografiile-ANAF-Arges-2014-400x266-400x266.jpg\" alt=\"Plutonier major Popescu Gelu talhar abuziv hot aparat foto care a sters fotografiile ANAF Arges\" width=\"400\" height=\"266\" \/><figcaption id=\"caption-attachment-3185\" class=\"wp-caption-text\">Plutonier major Popescu Gelu talhar abuziv hot aparat foto care a sters fotografiile ANAF Arges<\/figcaption><\/figure>\n<figure id=\"attachment_3184\" aria-describedby=\"caption-attachment-3184\" style=\"width: 371px\" class=\"wp-caption alignright\"><img loading=\"lazy\" decoding=\"async\" class=\"size-medium wp-image-3184\" src=\"http:\/\/www.editiespecialapress.ro\/wp\/wp-content\/uploads\/2015\/10\/Plutonier-major-Popescu-Gelu-talhar-abuziv-hot-aparat-foto-care-a-sters-fotografiile-ANAF-Arges-2014-371x300-371x300.jpg\" alt=\"Plutonier major Popescu Gelu talhar abuziv hot aparat foto care a sters fotografiile ANAF Arges\" width=\"371\" height=\"300\" \/><figcaption id=\"caption-attachment-3184\" class=\"wp-caption-text\">Plutonier major Popescu Gelu talhar abuziv hot aparat foto care a sters fotografiile ANAF Arges<\/figcaption><\/figure>\n<figure id=\"attachment_3183\" aria-describedby=\"caption-attachment-3183\" style=\"width: 400px\" class=\"wp-caption alignright\"><img loading=\"lazy\" decoding=\"async\" class=\"size-medium wp-image-3183\" src=\"http:\/\/www.editiespecialapress.ro\/wp\/wp-content\/uploads\/2015\/10\/Plutonier-major-Popescu-Gelu-talhar-abuziv-hot-ANAF-Arges-2014-400x269-400x269.jpg\" alt=\"Plutonier major Popescu Gelu talhar abuziv hot ANAF Arges\" width=\"400\" height=\"269\" \/><figcaption id=\"caption-attachment-3183\" class=\"wp-caption-text\">Plutonier major Popescu Gelu talhar abuziv hot ANAF Arges<\/figcaption><\/figure>\n<p>b\u0103nu\u0163ul, dar o s\u0103 o trag\u0103 \u015fi aceste mizerii. Infractorul colonel \u015eerb\u0103nic\u0103 a luat banii de la jandarmi, s-a dus la maiorul culturist comunist cu cei 7-8 mii de euro, acesta s-a dus la procurorul infractor Moraru Traian \u015fi au stabilit cum s\u0103 creeze diversiune \u00een acest dosar pentru a clasa dosarul \u015fi a-i sc\u0103pa pe cei 5 jandarmi de\u00a0pu\u015fc\u0103rie. V\u0103 explic\u0103m ce tehnic\u0103 pervers\u0103, diversionist\u0103 au folosit, care reiese din ordonan\u0163a din 15.10.2015, dosar nr 281\/P\/2015. Cit\u0103m infractorul procurator Moraru Traian:\u00a0<em>Cu ocazia audierii persoana v\u0103t\u0103mat\u0103 a declarat c\u0103 la 22.05.2015, \u00een timp ce se afla \u00een sediul ANAF Pite\u015fti, a fost agresat de jandarmi care i-au solicitat \u00een mod abuziv s\u0103 se legimizeze. Totodat\u0103 petentul sus\u0163ine c\u0103 subofi\u0163erii i-au interzis \u00een mod abuziv s\u0103 efectueze fotografii \u00een incinta unit\u0103\u0163ii financiare.\u00a0<\/em>V\u0103 relat\u0103m adev\u0103rul<em>.\u00a0<\/em>Directorul Iulian Ratea nu a declarat niciodat\u0103 c\u0103 la data de 22.05.2015\u00a0 a fost agresat de jandarmi, \u00eentruc\u00e2t incidentul s-a petrecut la data de 27.05.2014 \u015fi nici nu a fost for\u0163at vreodat\u0103 s\u0103 se legitimeze. Mai arat\u0103 \u00een ordonan\u0163\u0103 c\u0103 Ratea ar fi sus\u0163inut c\u0103 subofi\u0163erii i-au interzis s\u0103 fotografieze, el nediscut\u00e2nd niciodat\u0103 cu jandarmii despre aceast\u0103 situa\u0163ie. El s-a dus s\u0103\u00a0clarifice cu cei de la serviciul financiar \u00een leg\u0103tur\u0103 cu depunerea unei declara\u0163ii \u00een data de 22.05.2014 la care inspectorii fiscali au \u00eenceput s\u0103-l acuze c\u0103 nu depune o declara\u0163ie. El nu avea nicio obliga\u0163ie s\u0103 depun\u0103 acea declara\u0163ie, \u00eentruc\u00e2t lucra numai cu prim\u0103riile \u015fi nu cu societ\u0103\u0163ile comerciale. Legea nu prevedea acea declara\u0163ie dac\u0103 lucrai numai cu prim\u0103ria.\u00a0 S-a \u00eencris la audien\u0163\u0103 la Cojocaru pentru a semnala toate cele comise de inspectorii fiscali.\u00a0 \u00cen schimb, procuratorul Moraru Traian scrie \u00een ordonan\u0163\u0103 c\u0103 \u00een timpul audierii petentul a \u00eenceput s\u0103 \u00eei aduc\u0103 amenin\u0163\u0103ri, injurii, at\u00e2t lui Cojocaru, c\u00e2t \u015fi celorlal\u0163i. Directorul Cojocaru spune c\u0103 a solicitat interven\u0163ia subofi\u0163erilor jandarmi pentru a-l conduce c\u0103tre ie\u015firea din cl\u0103dire. Iulian Ratea a discutat cu Cojocaru la audien\u0163\u0103 de ce au \u00eenc\u0103lcat inspectorii fiscali\u00a0 \u00een leg\u0103tur\u0103 cu depunerea declara\u0163iei \u00een mod abuziv, i-a mai spus c\u0103 vor fi cerceta\u0163i \u00een leg\u0103tur\u0103 cu rambursarea de TVA \u00eentruc\u00e2t are<\/p>\n<figure id=\"attachment_3186\" aria-describedby=\"caption-attachment-3186\" style=\"width: 400px\" class=\"wp-caption alignleft\"><img loading=\"lazy\" decoding=\"async\" class=\"size-medium wp-image-3186\" src=\"http:\/\/www.editiespecialapress.ro\/wp\/wp-content\/uploads\/2015\/10\/Purt--toarea-de-cuv--nt-infractoare-ANAF-Pite--ti-400x266.jpg\" alt=\"Purt\u0103toarea de cuv\u00e2nt infractoare ANAF Pite\u015fti\" width=\"400\" height=\"266\" \/><figcaption id=\"caption-attachment-3186\" class=\"wp-caption-text\">Purt\u0103toarea de cuv\u00e2nt infractoare ANAF Pite\u015fti<\/figcaption><\/figure>\n<p>informa\u0163ii pentru \u015fp\u0103gi mari la dosare.<em>\u00a0<\/em>Nu avea de ce s\u0103-l amenin\u0163e Ratea pe Cojocaru, \u00eentruc\u00e2t de abia s-au cunoscut la audien\u0163\u0103, Cojocaru spun\u00e2ndu-i c\u0103 va lua leg\u0103tura cu inspectorii pentru acea declara\u0163ie \u015fi va rezolva problema. Totul o diversiune din partea procuratorului Moraru. Cojocaru Petric\u0103 nu a solicitat interven\u0163ia subofi\u0163erilor, \u00een data de 25.05.2014 c\u00e2nd a fost Ratea la audien\u0163\u0103 la Cojocaru. El nu a fost nici scos de jandarmi din cl\u0103direa ANAF dup\u0103 ce a plecat de la audien\u0163\u0103, \u00eentruc\u00e2t totul a decurs normal. Se pot verifica film\u0103rile din data de 25.05.2014. Procuratorul Morar mai arat\u0103 c\u0103 la data de 25.04.2014 Ratea ar fi f\u0103cut poze \u00een sediul institu\u0163iei, de\u015fi el \u00eei f\u0103cuse o singur\u0103 poz\u0103\u00a0 \u00een data de 27.05.2014 c\u00e2nd l-au dus cu for\u0163a la Cojocaru Petre<strong><em>\u00a0<\/em><\/strong>\u00een birou \u015fi s-a petrecut sechestrarea etc. Totul o minciun\u0103 ordinar\u0103 din partea infractorului procurator corupt Moraru.\u00a0 Ratea, \u00een 25.04.2014 nu a intrat \u00een cl\u0103direa ANAF se poate verifica pe film\u0103rile\u00a0 din cadrul institu\u0163iei. Mai scrie ordinarul de procurator Moraru c\u0103 la ie\u015firea din cl\u0103dire petentul a fost sanc\u0163ionat cu avertisment verbal de c\u0103tre jandarmii care au fost solicita\u0163i s\u0103 intervin\u0103 \u00een aplanarea conflictului.\u00a0 Acest corupt Moraru bolnav psihic, a schimbat data sechestr\u0103rii din 27.05.2014 cu datele din 22.05.2015 , dup-aia 25.04.2014 pentru a \u00eenscena o diversiune cu martori fal\u015fi din cadrul administra\u0163iei<\/p>\n<figure id=\"attachment_3187\" aria-describedby=\"caption-attachment-3187\" style=\"width: 400px\" class=\"wp-caption alignright\"><img loading=\"lazy\" decoding=\"async\" class=\"size-medium wp-image-3187\" src=\"http:\/\/www.editiespecialapress.ro\/wp\/wp-content\/uploads\/2015\/10\/Sediul-infractorilor-ANAF---i-al-jandarmilor-care-fur---banii-din-depozitt--lh--resc-cet----enii-sechestreaza-etc-400x294.jpg\" alt=\"Sediul infractorilor ANAF \u015fi al jandarmilor care fur\u0103 banii din depozit,t\u00e2lh\u0103resc cet\u0103\u0163enii, sechestreaza etc\" width=\"400\" height=\"294\" \/><figcaption id=\"caption-attachment-3187\" class=\"wp-caption-text\">Sediul infractorilor ANAF \u015fi al jandarmilor care fur\u0103 banii din depozit,t\u00e2lh\u0103resc cet\u0103\u0163enii, sechestreaza etc<\/figcaption><\/figure>\n<figure id=\"attachment_3188\" aria-describedby=\"caption-attachment-3188\" style=\"width: 400px\" class=\"wp-caption alignright\"><img loading=\"lazy\" decoding=\"async\" class=\"size-medium wp-image-3188\" src=\"http:\/\/www.editiespecialapress.ro\/wp\/wp-content\/uploads\/2015\/10\/Sediul-infractorului-corupt-diversionist-abuziv-Moraru-Traian-de-la-Parchetul-Tribunalului-Militar-Bucuresti-400x250.jpg\" alt=\"Sediul infractorului corupt diversionist abuziv Moraru Traian de la Parchetul Tribunalului Militar Bucuresti\" width=\"400\" height=\"250\" \/><figcaption id=\"caption-attachment-3188\" class=\"wp-caption-text\">Sediul infractorului corupt diversionist abuziv Moraru Traian de la Parchetul Tribunalului Militar Bucuresti<\/figcaption><\/figure>\n<p>pe\u00a0care i-a pus s\u0103-l acuze pe directorul Ratea c\u0103 i-ar fi \u00eenjurat, amenin\u0163at etc.\u00a0 \u00een datele de 22.05.2015 \u015fi c\u0103 ar fi efectuat foto la data de 25.04.2014.\u00a0 Totul neadev\u0103rat, se poate proba cu film\u0103rile din administra\u0163ia Pite\u015fti \u015fi cu \u00eenregistrarea de la 112. Fraierul de procurator Moraru nu a \u015ftiut c\u0103 Ratea a sunat la cei de la 112, serviciu situa\u0163ii de urgen\u0163\u0103, \u00een data de 27.05.2014, orele 12:30 c\u00e2nd era sechestrat \u00een biroul lui Cojocaru Petric\u0103, exist\u0103 \u00eenegistrarea \u015fi discu\u0163ia cu secretara inspectorului \u015fef IPJ AG c\u0103 Ratea solicita s\u0103 vin\u0103 cei de la IPJ s\u0103-l ia de la jandarmii lui Cojocaru din birou, care \u00eel \u0163ineau sechestra, l-au t\u00e2lh\u0103rit, i-au luat aparatul foto etc.\u00a0 Nu mai punem film\u0103rile din cadrul administra\u0163iei care arat\u0103 data de 27.05.2015 c\u00e2nd a fost sechestrat \u015fi \u0163inut \u00een biroul lui Cojocaru cca 20 de\u00a0minute \u015fi \u00een continuare de jandarmii din cl\u0103dire, \u00eenc\u0103 40 de minute, se mai vede \u00een film\u0103ri c\u00e2nd jandarmul Popescu Gelu \u015ftergea din aparatul foto cele 600 de poze de la alte anchete. Jegul de procurator Moraru nu a solicitat film\u0103rile infractorilor din data de 27.05.2014 de la sechestrare, \u00eentruc\u00e2t a schimbat datele incidentului pentru a nu se mai putea stabili vreodat\u0103 faptele penale grave ale jandarmilor. Asta e\u00a0 \u00een mintea lui bolnav\u0103. Se vor efectua cercet\u0103ri \u00eempotriva tuturor celor implica\u0163i \u015fi se va expertiza aparatura din administra\u0163ie pentru a se verifica film\u0103rile din data de 27.05.2014 c\u00e2nd a fost sechestrat directorul Ratea. Martorii fal\u015fi pe care i-au pus \u00een ajutorul jandarmilor vor fi cerceta\u0163i pentru m\u0103rturie mincinoas\u0103, \u00eentruc\u00e2t probele reale arat\u0103 diversiunea organizat\u0103 de ei to\u0163i.\u00a0 S-au legat ca b\u0103ie\u0163ii de\u015ftep\u0163i. Fraierii au pus date diferite fa\u0163\u0103 de 27.05.2014 crez\u00e2nd c\u0103 vor muta incidentul sechestrarea,<\/p>\n<figure id=\"attachment_3189\" aria-describedby=\"caption-attachment-3189\" style=\"width: 263px\" class=\"wp-caption alignleft\"><img loading=\"lazy\" decoding=\"async\" class=\"size-medium wp-image-3189\" src=\"http:\/\/www.editiespecialapress.ro\/wp\/wp-content\/uploads\/2015\/10\/Stema-infractorilor-jandarmi-comuni--ti-corup--i-263x300.jpg\" alt=\"Stema infractorilor jandarmi comuni\u015fti corup\u0163i\" width=\"263\" height=\"300\" \/><figcaption id=\"caption-attachment-3189\" class=\"wp-caption-text\">Stema infractorilor jandarmi comuni\u015fti corup\u0163i<\/figcaption><\/figure>\n<p>constituirea unui grup infrac\u0163ional, abuzuri \u00een form\u0103 calificat\u0103, etc. To\u0163i au ac\u0163ionat la comanda maiorului culturist escroc \u015fi a jegului corupt de procurator Moraru, dar totul a plecat\u00a0 de la colonelul \u015eerb\u0103nic\u0103, \u00eentruc\u00e2t jandarmii s-au dus cu miile de euro la acesta. B\u0103i p\u0103c\u0103licilor de jandarmi \u015fi procuratori, sf\u00e2r\u015fi\u0163i \u00een arestul militar, ordinarilor!\u00a0 C\u00e2t\u0103 r\u0103bdare am avut cu infractorii ca voi p\u00e2n\u0103 la&#8230;. V-a pl\u0103cut lucrarea, grupuri organizate de infractori corup\u0163i?\u00a0 Ve\u0163i fi cerceta\u0163i pentru \u015fpag\u0103 la fiecare clasare, precum \u015fi pentru favorizarea infractorilor non-stop pe euro.<\/p>\n<ol>\n<li>Solicit\u0103m cercetarea tuturor celor implica\u0163i \u015fi\u00a0 men\u0163iona\u0163i \u00een acest articol.<\/li>\n<li>Solicit\u0103m autosesizare din partea procurorului general al DNA Militar\u0103, precum \u015fi a procurorului general al Parchetului Cur\u0163ii Militare Bucure\u015fti \u015fi sesizare din oficiu a pre\u015fedintelui CSM.<\/li>\n<\/ol>\n<p style=\"text-align: right;\"><em><strong>Articol de<\/strong><\/em><br \/>\n<em><strong>Preda Dorin\u00a0<\/strong><\/em><\/p>\n","protected":false},"excerpt":{"rendered":"<p>Procurorul militar comunist, lt. colonel Moraru Traian, \u015fi culturistul comunist maior de la Jandarmeria Rom\u00e2n\u0103 au clasat dosarul nr. 281\/P\/2015 al Parchetului Tribunalului Militar, favoriz\u00e2nd to\u0163i infractorii jandarmeriei de la ANAF AG pentru mii de euro la acest caz \u015fi la mii de dosare pentru zeci de mii de euro pe bucata de dosar. Dragii [&hellip;]<\/p>\n","protected":false},"author":2,"featured_media":3177,"comment_status":"closed","ping_status":"open","sticky":false,"template":"","format":"standard","meta":{"footnotes":""},"categories":[2],"tags":[167,168,169,170,171,172,173,174],"class_list":{"0":"post-3176","1":"post","2":"type-post","3":"status-publish","4":"format-standard","5":"has-post-thumbnail","7":"category-ancheta","8":"tag-anaf-pitesti","9":"tag-cojocaru-petrica","10":"tag-colonelul-serbanica-georgel","11":"tag-jandarmeria-arges","12":"tag-jandarmul-stefan-marius","13":"tag-moraru-traian","14":"tag-parchetul-tribunalului-militar-bucuresti","15":"tag-popescu-gelu"},"_links":{"self":[{"href":"https:\/\/www.editiespecialapress.ro\/newtest\/wp-json\/wp\/v2\/posts\/3176","targetHints":{"allow":["GET"]}}],"collection":[{"href":"https:\/\/www.editiespecialapress.ro\/newtest\/wp-json\/wp\/v2\/posts"}],"about":[{"href":"https:\/\/www.editiespecialapress.ro\/newtest\/wp-json\/wp\/v2\/types\/post"}],"author":[{"embeddable":true,"href":"https:\/\/www.editiespecialapress.ro\/newtest\/wp-json\/wp\/v2\/users\/2"}],"replies":[{"embeddable":true,"href":"https:\/\/www.editiespecialapress.ro\/newtest\/wp-json\/wp\/v2\/comments?post=3176"}],"version-history":[{"count":0,"href":"https:\/\/www.editiespecialapress.ro\/newtest\/wp-json\/wp\/v2\/posts\/3176\/revisions"}],"wp:featuredmedia":[{"embeddable":true,"href":"https:\/\/www.editiespecialapress.ro\/newtest\/wp-json\/"}],"wp:attachment":[{"href":"https:\/\/www.editiespecialapress.ro\/newtest\/wp-json\/wp\/v2\/media?parent=3176"}],"wp:term":[{"taxonomy":"category","embeddable":true,"href":"https:\/\/www.editiespecialapress.ro\/newtest\/wp-json\/wp\/v2\/categories?post=3176"},{"taxonomy":"post_tag","embeddable":true,"href":"https:\/\/www.editiespecialapress.ro\/newtest\/wp-json\/wp\/v2\/tags?post=3176"}],"curies":[{"name":"wp","href":"https:\/\/api.w.org\/{rel}","templated":true}]}}