{"id":3198,"date":"2015-10-26T00:01:00","date_gmt":"2015-10-25T21:01:00","guid":{"rendered":"http:\/\/www.editiespecialapress.ro\/?p=3198"},"modified":"2015-10-26T00:01:00","modified_gmt":"2015-10-25T21:01:00","slug":"urare-sf-dumitru-primaria-slobozia","status":"publish","type":"post","link":"https:\/\/www.editiespecialapress.ro\/newtest\/2015\/10\/26\/urare-sf-dumitru-primaria-slobozia\/","title":{"rendered":"Urare Sf. Dumitru &#8211; Prim\u0103ria Slobozia"},"content":{"rendered":"<p>V\u0103 ur\u0103m ca ziua numelui s\u0103 v\u0103 aduc\u0103 o raz\u0103 de soare, s\u0103 ave\u0163i inima plin\u0103 de speran\u0163\u0103, iar anii ce vin s\u0103 v\u0103 aduc\u0103 numai \u00eempliniri \u015fi bucurii. La multi ani de Sf. Dumitru!<\/p>\n<p style=\"text-align: right;\"><strong>Prim\u0103ria Slobozia (AG) , <\/strong><br \/>\n<strong>primar Ni\u0163u Alexandru \u015fi angaja\u0163ii prim\u0103riei<\/strong><\/p>\n","protected":false},"excerpt":{"rendered":"<p>V\u0103 ur\u0103m ca ziua numelui s\u0103 v\u0103 aduc\u0103 o raz\u0103 de soare, s\u0103 ave\u0163i inima plin\u0103 de speran\u0163\u0103, iar anii ce vin s\u0103 v\u0103 aduc\u0103 numai \u00eempliniri \u015fi bucurii. La multi ani de Sf. Dumitru! Prim\u0103ria Slobozia (AG) , primar Ni\u0163u Alexandru \u015fi angaja\u0163ii prim\u0103riei<\/p>\n","protected":false},"author":2,"featured_media":3199,"comment_status":"closed","ping_status":"open","sticky":false,"template":"","format":"standard","meta":{"footnotes":""},"categories":[4],"tags":[],"class_list":{"0":"post-3198","1":"post","2":"type-post","3":"status-publish","4":"format-standard","5":"has-post-thumbnail","7":"category-felicitari"},"_links":{"self":[{"href":"https:\/\/www.editiespecialapress.ro\/newtest\/wp-json\/wp\/v2\/posts\/3198","targetHints":{"allow":["GET"]}}],"collection":[{"href":"https:\/\/www.editiespecialapress.ro\/newtest\/wp-json\/wp\/v2\/posts"}],"about":[{"href":"https:\/\/www.editiespecialapress.ro\/newtest\/wp-json\/wp\/v2\/types\/post"}],"author":[{"embeddable":true,"href":"https:\/\/www.editiespecialapress.ro\/newtest\/wp-json\/wp\/v2\/users\/2"}],"replies":[{"embeddable":true,"href":"https:\/\/www.editiespecialapress.ro\/newtest\/wp-json\/wp\/v2\/comments?post=3198"}],"version-history":[{"count":0,"href":"https:\/\/www.editiespecialapress.ro\/newtest\/wp-json\/wp\/v2\/posts\/3198\/revisions"}],"wp:featuredmedia":[{"embeddable":true,"href":"https:\/\/www.editiespecialapress.ro\/newtest\/wp-json\/"}],"wp:attachment":[{"href":"https:\/\/www.editiespecialapress.ro\/newtest\/wp-json\/wp\/v2\/media?parent=3198"}],"wp:term":[{"taxonomy":"category","embeddable":true,"href":"https:\/\/www.editiespecialapress.ro\/newtest\/wp-json\/wp\/v2\/categories?post=3198"},{"taxonomy":"post_tag","embeddable":true,"href":"https:\/\/www.editiespecialapress.ro\/newtest\/wp-json\/wp\/v2\/tags?post=3198"}],"curies":[{"name":"wp","href":"https:\/\/api.w.org\/{rel}","templated":true}]}}