{"id":3201,"date":"2015-10-26T00:02:20","date_gmt":"2015-10-25T21:02:20","guid":{"rendered":"http:\/\/www.editiespecialapress.ro\/?p=3201"},"modified":"2015-10-26T00:02:20","modified_gmt":"2015-10-25T21:02:20","slug":"urare-sf-dumitru-primaria-barla","status":"publish","type":"post","link":"https:\/\/www.editiespecialapress.ro\/newtest\/2015\/10\/26\/urare-sf-dumitru-primaria-barla\/","title":{"rendered":"Urare Sf. Dumitru &#8211; Prim\u0103ria B\u00e2rla"},"content":{"rendered":"<p>Sf\u00e2ntul Dumitru s\u0103 v\u0103 dea s\u0103n\u0103tate \u015fi putere s\u0103 lupta\u0163i pentru idealurile voastre. S\u0103 ave\u0163i parte numai de clipe minunate, de bucurii \u015fi fericire al\u0103turi de cei dragi. La mul\u0163i ani de Sf. Dumitru!<\/p>\n<p style=\"text-align: right;\"><strong>Prim\u0103ria B\u00e2rla (AG), <\/strong><br \/>\n<strong>primar Neac\u015fu Ion \u015fi angaja\u0163ii prim\u0103riei<\/strong><\/p>\n","protected":false},"excerpt":{"rendered":"<p>Sf\u00e2ntul Dumitru s\u0103 v\u0103 dea s\u0103n\u0103tate \u015fi putere s\u0103 lupta\u0163i pentru idealurile voastre. S\u0103 ave\u0163i parte numai de clipe minunate, de bucurii \u015fi fericire al\u0103turi de cei dragi. La mul\u0163i ani de Sf. Dumitru! Prim\u0103ria B\u00e2rla (AG), primar Neac\u015fu Ion \u015fi angaja\u0163ii prim\u0103riei<\/p>\n","protected":false},"author":2,"featured_media":3202,"comment_status":"closed","ping_status":"open","sticky":false,"template":"","format":"standard","meta":{"footnotes":""},"categories":[4],"tags":[],"class_list":{"0":"post-3201","1":"post","2":"type-post","3":"status-publish","4":"format-standard","5":"has-post-thumbnail","7":"category-felicitari"},"_links":{"self":[{"href":"https:\/\/www.editiespecialapress.ro\/newtest\/wp-json\/wp\/v2\/posts\/3201","targetHints":{"allow":["GET"]}}],"collection":[{"href":"https:\/\/www.editiespecialapress.ro\/newtest\/wp-json\/wp\/v2\/posts"}],"about":[{"href":"https:\/\/www.editiespecialapress.ro\/newtest\/wp-json\/wp\/v2\/types\/post"}],"author":[{"embeddable":true,"href":"https:\/\/www.editiespecialapress.ro\/newtest\/wp-json\/wp\/v2\/users\/2"}],"replies":[{"embeddable":true,"href":"https:\/\/www.editiespecialapress.ro\/newtest\/wp-json\/wp\/v2\/comments?post=3201"}],"version-history":[{"count":0,"href":"https:\/\/www.editiespecialapress.ro\/newtest\/wp-json\/wp\/v2\/posts\/3201\/revisions"}],"wp:featuredmedia":[{"embeddable":true,"href":"https:\/\/www.editiespecialapress.ro\/newtest\/wp-json\/"}],"wp:attachment":[{"href":"https:\/\/www.editiespecialapress.ro\/newtest\/wp-json\/wp\/v2\/media?parent=3201"}],"wp:term":[{"taxonomy":"category","embeddable":true,"href":"https:\/\/www.editiespecialapress.ro\/newtest\/wp-json\/wp\/v2\/categories?post=3201"},{"taxonomy":"post_tag","embeddable":true,"href":"https:\/\/www.editiespecialapress.ro\/newtest\/wp-json\/wp\/v2\/tags?post=3201"}],"curies":[{"name":"wp","href":"https:\/\/api.w.org\/{rel}","templated":true}]}}