{"id":3204,"date":"2015-10-26T00:03:47","date_gmt":"2015-10-25T21:03:47","guid":{"rendered":"http:\/\/www.editiespecialapress.ro\/?p=3204"},"modified":"2015-10-26T00:03:47","modified_gmt":"2015-10-25T21:03:47","slug":"urare-sf-dumitru-primaria-albestii-de-arges","status":"publish","type":"post","link":"https:\/\/www.editiespecialapress.ro\/newtest\/2015\/10\/26\/urare-sf-dumitru-primaria-albestii-de-arges\/","title":{"rendered":"Urare Sf. Dumitru &#8211; Prim\u0103ria Albe\u015ftii de Arge\u015f"},"content":{"rendered":"<p>\u00cen aceast\u0103 zi special\u0103 v\u0103 dorim numai bine, mult\u0103 fericire, \u00eendeplinirea tuturor dorin\u0163elor \u015fi fie ca Sf\u00e2ntul Dumitru s\u0103 v\u0103 c\u0103l\u0103uzeasc\u0103 mereu \u00een via\u0163\u0103. La mul\u0163i ani de Sf. Dumitru!<\/p>\n<p style=\"text-align: right;\"><strong>Prim\u0103ria Albe\u015ftii de Arge\u015f, <\/strong><br \/>\n<strong>primar Sava Vasile \u015fi angaja\u0163ii prim\u0103riei<\/strong><\/p>\n","protected":false},"excerpt":{"rendered":"<p>\u00cen aceast\u0103 zi special\u0103 v\u0103 dorim numai bine, mult\u0103 fericire, \u00eendeplinirea tuturor dorin\u0163elor \u015fi fie ca Sf\u00e2ntul Dumitru s\u0103 v\u0103 c\u0103l\u0103uzeasc\u0103 mereu \u00een via\u0163\u0103. La mul\u0163i ani de Sf. Dumitru! Prim\u0103ria Albe\u015ftii de Arge\u015f, primar Sava Vasile \u015fi angaja\u0163ii prim\u0103riei<\/p>\n","protected":false},"author":2,"featured_media":3205,"comment_status":"closed","ping_status":"open","sticky":false,"template":"","format":"standard","meta":{"footnotes":""},"categories":[4],"tags":[],"class_list":{"0":"post-3204","1":"post","2":"type-post","3":"status-publish","4":"format-standard","5":"has-post-thumbnail","7":"category-felicitari"},"_links":{"self":[{"href":"https:\/\/www.editiespecialapress.ro\/newtest\/wp-json\/wp\/v2\/posts\/3204","targetHints":{"allow":["GET"]}}],"collection":[{"href":"https:\/\/www.editiespecialapress.ro\/newtest\/wp-json\/wp\/v2\/posts"}],"about":[{"href":"https:\/\/www.editiespecialapress.ro\/newtest\/wp-json\/wp\/v2\/types\/post"}],"author":[{"embeddable":true,"href":"https:\/\/www.editiespecialapress.ro\/newtest\/wp-json\/wp\/v2\/users\/2"}],"replies":[{"embeddable":true,"href":"https:\/\/www.editiespecialapress.ro\/newtest\/wp-json\/wp\/v2\/comments?post=3204"}],"version-history":[{"count":0,"href":"https:\/\/www.editiespecialapress.ro\/newtest\/wp-json\/wp\/v2\/posts\/3204\/revisions"}],"wp:featuredmedia":[{"embeddable":true,"href":"https:\/\/www.editiespecialapress.ro\/newtest\/wp-json\/"}],"wp:attachment":[{"href":"https:\/\/www.editiespecialapress.ro\/newtest\/wp-json\/wp\/v2\/media?parent=3204"}],"wp:term":[{"taxonomy":"category","embeddable":true,"href":"https:\/\/www.editiespecialapress.ro\/newtest\/wp-json\/wp\/v2\/categories?post=3204"},{"taxonomy":"post_tag","embeddable":true,"href":"https:\/\/www.editiespecialapress.ro\/newtest\/wp-json\/wp\/v2\/tags?post=3204"}],"curies":[{"name":"wp","href":"https:\/\/api.w.org\/{rel}","templated":true}]}}