{"id":3207,"date":"2015-10-26T00:05:23","date_gmt":"2015-10-25T21:05:23","guid":{"rendered":"http:\/\/www.editiespecialapress.ro\/?p=3207"},"modified":"2015-10-26T00:05:23","modified_gmt":"2015-10-25T21:05:23","slug":"urare-sf-dumitru-primaria-poiana-lacului","status":"publish","type":"post","link":"https:\/\/www.editiespecialapress.ro\/newtest\/2015\/10\/26\/urare-sf-dumitru-primaria-poiana-lacului\/","title":{"rendered":"Urare Sf. Dumitru &#8211; Prim\u0103ria Poiana Lacului"},"content":{"rendered":"<p>Cel mai frumos la mul\u0163i ani \u00eel transmitem celui mai frumos nume, Dumitru. La mul\u0163i ani \u015fi c\u00e2t mai mul\u0163i bani \u015fi s\u0103n\u0103tate pentru c\u0103 e mai scump\u0103 de c\u00e2t toate.<\/p>\n<p style=\"text-align: right;\"><strong>Prim\u0103ria Poiana Lacului (AG), <\/strong><br \/>\n<strong>primar Dumitrache Ion \u015fi angaja\u0163ii prim\u0103riei<\/strong><\/p>\n","protected":false},"excerpt":{"rendered":"<p>Cel mai frumos la mul\u0163i ani \u00eel transmitem celui mai frumos nume, Dumitru. La mul\u0163i ani \u015fi c\u00e2t mai mul\u0163i bani \u015fi s\u0103n\u0103tate pentru c\u0103 e mai scump\u0103 de c\u00e2t toate. Prim\u0103ria Poiana Lacului (AG), primar Dumitrache Ion \u015fi angaja\u0163ii prim\u0103riei<\/p>\n","protected":false},"author":2,"featured_media":3208,"comment_status":"closed","ping_status":"open","sticky":false,"template":"","format":"standard","meta":{"footnotes":""},"categories":[4],"tags":[],"class_list":{"0":"post-3207","1":"post","2":"type-post","3":"status-publish","4":"format-standard","5":"has-post-thumbnail","7":"category-felicitari"},"_links":{"self":[{"href":"https:\/\/www.editiespecialapress.ro\/newtest\/wp-json\/wp\/v2\/posts\/3207","targetHints":{"allow":["GET"]}}],"collection":[{"href":"https:\/\/www.editiespecialapress.ro\/newtest\/wp-json\/wp\/v2\/posts"}],"about":[{"href":"https:\/\/www.editiespecialapress.ro\/newtest\/wp-json\/wp\/v2\/types\/post"}],"author":[{"embeddable":true,"href":"https:\/\/www.editiespecialapress.ro\/newtest\/wp-json\/wp\/v2\/users\/2"}],"replies":[{"embeddable":true,"href":"https:\/\/www.editiespecialapress.ro\/newtest\/wp-json\/wp\/v2\/comments?post=3207"}],"version-history":[{"count":0,"href":"https:\/\/www.editiespecialapress.ro\/newtest\/wp-json\/wp\/v2\/posts\/3207\/revisions"}],"wp:featuredmedia":[{"embeddable":true,"href":"https:\/\/www.editiespecialapress.ro\/newtest\/wp-json\/"}],"wp:attachment":[{"href":"https:\/\/www.editiespecialapress.ro\/newtest\/wp-json\/wp\/v2\/media?parent=3207"}],"wp:term":[{"taxonomy":"category","embeddable":true,"href":"https:\/\/www.editiespecialapress.ro\/newtest\/wp-json\/wp\/v2\/categories?post=3207"},{"taxonomy":"post_tag","embeddable":true,"href":"https:\/\/www.editiespecialapress.ro\/newtest\/wp-json\/wp\/v2\/tags?post=3207"}],"curies":[{"name":"wp","href":"https:\/\/api.w.org\/{rel}","templated":true}]}}