{"id":3234,"date":"2015-11-09T00:17:05","date_gmt":"2015-11-08T22:17:05","guid":{"rendered":"http:\/\/www.editiespecialapress.ro\/?p=3234"},"modified":"2015-11-09T00:17:05","modified_gmt":"2015-11-08T22:17:05","slug":"metoda-de-tortura-prin-perturbarea-campului-electromagnetic-in-mod-intentionat-prin-folosirea-in-mod-abuziv-a-unor-dispozitive-sau-aparate-de-catre-personalul-militar-subofiterii-mierla-vasile-lupu","status":"publish","type":"post","link":"https:\/\/www.editiespecialapress.ro\/newtest\/2015\/11\/09\/metoda-de-tortura-prin-perturbarea-campului-electromagnetic-in-mod-intentionat-prin-folosirea-in-mod-abuziv-a-unor-dispozitive-sau-aparate-de-catre-personalul-militar-subofiterii-mierla-vasile-lupu\/","title":{"rendered":"Metod\u0103 de tortur\u0103 prin perturbarea c\u00e2mpului electromagnetic \u00een mod inten\u0163ionat prin folosirea \u00een mod abuziv a unor dispozitive sau aparate de c\u0103tre personalul militar: subofi\u0163erii Mierl\u0103 Vasile, Lupu Tiberiu, Nasta Andrei de la U.M. 02286 com. Bascov, Pite\u015fti, jud. Arge\u015f \u015fi tovar\u0103\u015fii lor de ac\u0163iune: Ioni\u0163\u0103 Narcis \u015fi Ioni\u0163\u0103 Stelian care au ac\u0163ionat \u015fi ac\u0163ioneaz\u0103 \u00eempotriva vecinului lor, victima Dobre Aurelian, cu g\u00e2ndul de a-l omor\u00ee \u015fi a-i lua casa"},"content":{"rendered":"<figure id=\"attachment_3235\" aria-describedby=\"caption-attachment-3235\" style=\"width: 400px\" class=\"wp-caption alignright\"><img loading=\"lazy\" decoding=\"async\" class=\"wp-image-3235 size-medium\" src=\"http:\/\/www.editiespecialapress.ro\/wp\/wp-content\/uploads\/2015\/11\/Casa-lui-Dobre-din-fa-------i-intrarea-la-Unitatea-Militar---02286-Bascov-Arge--.JPG-400x300.jpg\" alt=\"Casa lui Dobre din fa\u0163\u0103 \u015fi intrarea la Unitatea Militar\u0103 02286, Bascov, Arge\u015f\" width=\"400\" height=\"300\" \/><figcaption id=\"caption-attachment-3235\" class=\"wp-caption-text\">Casa lui Dobre din fa\u0163\u0103 \u015fi intrarea la Unitatea Militar\u0103 02286, Bascov, Arge\u015f<\/figcaption><\/figure>\n<p>Metoda de tortur\u0103 f\u0103r\u0103 urme prin perturbarea\u00a0 c\u00e2mpului electromagnetic, folosirea \u00een mod abuziv a unor dispozitive sau aparate de c\u0103tre subofi\u0163erii corpului de paz\u0103 al poli\u0163iei militare U.M. 02286 com. Bascov, Pite\u015fti, folosite \u00eempotriva victimei Dobre Aurealian din com. Bascov, sat P\u0103i\u015fe\u015fti DN 122.<\/p>\n<p>Dragii no\u015ftri cititori, continu\u0103m \u00een aceast\u0103 edi\u0163ie cu cei mai mari asasini subofi\u0163eri ai U.M. 02286 com. Bascov, jud. Arge\u015f, Mierl\u0103 Vasile, Lupu Tiberiu, Nasta Andrei \u015fi tovar\u0103\u015fii lor de ac\u0163iune pe care \u00eei folosesc: Ioni\u0163\u0103 Narcis, Ioni\u0163\u0103 Stelian, \u00eempotriva victimei Dobre Aurelian, prin a-l tortura \u015fi de a-l omor\u00ee prin ac\u0163iunea undelor eletromagnetice emise pe o anumit\u0103 frecven\u0163\u0103 care au un impact at\u00e2t de puternic asupra \u0163intei umane, \u00eentruc\u00e2t o deregleaz\u0103 datorit\u0103 efectelor devastatoare asupra activit\u0103\u0163ii sistemului nervos central \u015fi a neuronilor.<\/p>\n<figure id=\"attachment_3236\" aria-describedby=\"caption-attachment-3236\" style=\"width: 400px\" class=\"wp-caption alignleft\"><img loading=\"lazy\" decoding=\"async\" class=\"size-medium wp-image-3236\" src=\"http:\/\/www.editiespecialapress.ro\/wp\/wp-content\/uploads\/2015\/11\/Dobre-Aurelian-victima-asasinilor-militari-si-civili.JPG-400x300.jpg\" alt=\"Dobre Aurelian, victima asasinilor militari si civili\" width=\"400\" height=\"300\" \/><figcaption id=\"caption-attachment-3236\" class=\"wp-caption-text\">Dobre Aurelian, victima asasinilor militari si civili<\/figcaption><\/figure>\n<p>Aceste creaturi malefice de subofi\u0163eri \u015fi civili vecini de-ai victimei folosesc aceste aparaturi mai mult pe timpul nop\u0163ii, \u00een ultimul timp le folosesc chiar \u015fi \u00een timpul zilei, \u00een special din anul 2013. Ei folosesc aceste aparaturi cam de 10 ani \u00eempotriva celor care le sunt incomozi. Folosirea lor pe timpul zilei au ca scop iritarea victimei Dobre pentru a fi provocat\u00a0 s\u0103 reac\u0163ioneze, interpret\u00e2ndu-se c\u0103\u00a0 ar fi bolnav psihic. Este o tehnic\u0103 folosit\u0103 foarte des \u00een h\u0103ituirea persoanelor singure de c\u0103tre cei care sunt interesa\u0163i ca acestea s\u0103 fie lichidate at\u00e2t fizic, c\u00e2t \u015fi psihic, adic\u0103 s\u0103 devin\u0103 o legum\u0103. Aceast\u0103 victim\u0103, Dobre Aurelian, ne-a explicat cum este atacat de ace\u015fti nemernici subofi\u0163eri \u015fi civili \u015fi de aparaturile lor. \u00cen 24.12.2013, ora 03:50, \u00een timpul somnului, a sim\u0163it o puternic\u0103 izbitur\u0103 \u00een g\u00e2t. Pe 25.02.2014, ora 02:45 a sim\u0163it o izbitur\u0103 puternic\u0103 \u00een g\u00e2t \u015fi un gust foarte amar \u00een gur\u0103, cu c\u00e2t respira mai mult, cu at\u00e2t simptomele de intoxica\u0163ie, probabil cu un gaz,\u00a0 deveneau mai puternice. De asemenea, acelea\u015fi simptome le-a avut \u015fi pe 15.04 \u015fi 16.04.2014, orele 06:30, respectiv 02:00. Pe data de 22.04.2014, a treia zi de Pa\u015fte, a avut dintr-o dat\u0103 puternice \u0163iuituri \u00een ureche, diaree, v\u0103rs\u0103turi, pe la ora 14. Norocul lui a fost c\u0103 a plecat de acas\u0103 repede \u015fi cele relatate de el au disp\u0103rut dup\u0103 cca o or\u0103. Deci \u00eel atac\u0103 infractorii numai c\u00e2nd se afl\u0103 la domiciliu, el fiind foarte aproape\u00a0 \u015fi de Unitatea Militar\u0103 \u015fi de vecinii infractori, familia Ioni\u0163\u0103.\u00a0 El nu are obiceiul s\u0103 bea sau s\u0103 m\u0103n\u00e2nce exagerat. Pe data de 13.05.2014, pe la ora 10 a surprins pe un conduc\u0103tor al unui vehicul de culoare alb\u0103, Dacia Logan, cu nr B-76-SPF, c\u0103-i fotografia acas\u0103. Pe 25.08.2014, diminea\u0163a la ora 04:50, a sim\u0163it la fel o izbitur\u0103 puternic\u0103 \u00een g\u00e2t. Acelea\u015fi simptome le-a avut \u015fi pe 7 februarie, 15, 18, 21 aprilie, anul curent. La 15 aprilie 2015\u00a0 a fost supus unui \u015foc electric \u00een timpul somnului, sim\u0163ind \u015fi o arsur\u0103 puternic\u0103 pe obrazul st\u00e2ng. Tot \u00een cursul lunii aprilie 2015 a fost supus la nenum\u0103rate \u015focuri electrice. Efectiv, \u00eei s\u0103reau picioarele \u00een sus din pat. Pe 2 \u015fi 9 mai 2015 a avut \u0163iuituri \u00een ureche ce au durat ore \u00eentregi \u015fi numai c\u00e2nd a plecat de acas\u0103, au \u00eencetat dup\u0103 aprox. 30 de<\/p>\n<figure id=\"attachment_3237\" aria-describedby=\"caption-attachment-3237\" style=\"width: 400px\" class=\"wp-caption alignright\"><img loading=\"lazy\" decoding=\"async\" class=\"size-medium wp-image-3237\" src=\"http:\/\/www.editiespecialapress.ro\/wp\/wp-content\/uploads\/2015\/11\/Infractorii-din-acest-articol-au-f--cut-de-r--s-Ministerul-Ap--r--rii-Na--ionale---i-pe-ministrul-ap--r--rii.jpg-400x270.jpg\" alt=\"Infractorii din acest articol au f\u0103cut de r\u00e2s Ministerul Ap\u0103r\u0103rii Na\u0163ionale \u015fi pe ministrul ap\u0103r\u0103rii\" width=\"400\" height=\"270\" \/><figcaption id=\"caption-attachment-3237\" class=\"wp-caption-text\">Infractorii din acest articol au f\u0103cut de r\u00e2s Ministerul Ap\u0103r\u0103rii Na\u0163ionale \u015fi pe ministrul ap\u0103r\u0103rii<\/figcaption><\/figure>\n<p>minute.\u00a0 Pe 10 mai 2015 a avut acelea\u015fi simptome \u015fi seara s-a dus la poarta unit\u0103\u0163ii \u015fi a \u00eentrebat ofi\u0163erul de serviciu care este cauza a ceea ce i se \u00eent\u00e2mpl\u0103 \u015fi i-a ar\u0103tat cu m\u00e2na c\u0103tre infractorul Narcis Ioni\u0163\u0103, vecinul lui, care se afla \u00een curte. Narcis Ioni\u0163\u0103 era foarte agitat, ro\u015fu la fa\u0163\u0103, curios s\u0103 \u015ftie ce s-a discutat cu ofi\u0163erul de serviciu. Narcis Ioni\u0163\u0103 st\u0103 l\u00e2ng\u0103 Unitatea Militar\u0103 \u015fi Dobre Aurelian l\u00e2ng\u0103 el.\u00a0 Narcis Ioni\u0163\u0103, foarte bun prieten cu cei 3 subofi\u0163eri din corpul de paz\u0103 al poli\u0163iei militare Mierl\u0103\u00a0 Vasile, Lupu Tiberiu \u015fi Nasta Andrei, care fac chefuri la Narcis Ioni\u0163\u0103 acas\u0103, \u00eei aduc acestuia motorin\u0103, benzin\u0103 pentru autoturisme.\u00a0 \u00centr-un cuv\u00e2nt, cei 4 \u00eel lucreaz\u0103 pe victima Dobre Aurelian cu tot felul de aparaturi care \u00eel determin\u0103 s\u0103 plece de acas\u0103, s\u0103 nu mai poat\u0103 respira \u015fi tot felul de chinuri criminale. Pe Ioni\u0163\u0103 Narcis l-a surprins la sf\u00e2r\u015fitul lunii noiembrie 2014 cu o cutie dreptunghiular\u0103 \u00een m\u00e2ini, c\u0103ut\u00e2nd s\u0103 o ad\u0103posteasc\u0103 \u00een curtea unui patron unde lucreaz\u0103. Aceast\u0103 cutie se putea racorda la priz\u0103 electric\u0103. I-au fost afecta\u0163i victimei \u015fi ochii din toate nenorocirile pe care le fac ace\u015fti infractori.\u00cen 4 aprilie 2015, subofi\u0163erii poli\u0163iei militare erau prezen\u0163i \u00een curtea infractorului Narcis Ioni\u0163\u0103, \u015fi mai tot personalul militar care era de serviciu la unitate. I-auzi\u0163i \u015fi dumneavoastr\u0103 ce f\u0103ceau ei \u00een timpul serviciului. \u00cel ajutau pe Ioni\u0163\u0103 la t\u0103iatul vi\u0163ei-de-vie. Unul dintre subofi\u0163eri a luat motocicleta acestuia \u015fi s-a plimbat cu ea, intr\u00e2nd \u015fi \u00een incinta Unit\u0103\u0163ii Militare. Infractorul Ioni\u0163\u0103 \u00eei \u00eenr\u0103ia pe cei de la unitate \u00eempotriva victimei Dobre, \u00eentruc\u00e2t acesta se uita la tot ceea ce fac ei, infrac\u0163iuni.\u00a0 Cei de la U.M. 02286 l-au pus pe tat\u0103l lui Narcis Ioni\u0163\u0103 s\u0103-l \u00eentrebe pe Dobre \u00een ce parte doarme cu capul \u00een pat. Victima Dobre Aurelian a constatat c\u0103 subofi\u0163erii poli\u0163iei militare: Mierl\u0103 Vasile, Nasta Andrei \u015fi Lupu Tiberiu, \u00eel spioneaz\u0103, cerceteaz\u0103 mereu locuin\u0163a lui \u015fi sunt foarte curio\u015fi cum se comport\u0103 \u015fi cum rezist\u0103 la toate bruiajele etc. Ei se cer la \u015fefii lor s\u0103 fac\u0103 serviciu de paz\u0103 \u00een zilele de vineri, s\u00e2mb\u0103t\u0103 \u015fi duminic\u0103, c\u00e2nd nu mai este nimeni \u00een unitate. Ei trec la aparatur\u0103, la butoane \u015fi \u00eencep lucrarea criminal\u0103 \u00eempotriva victimei Dobre. Ei se chinuie s\u0103-l omoare de mai mult timp, dar victima Dobre a fost s\u0103n\u0103tos de a putut rezista at\u00e2t, p\u00e2n\u0103 la aceast\u0103 or\u0103. Un civil pe nume B\u0103rbulescu face de serviciu des la poart\u0103 la unitate \u015fi a fost surprins de Dobre c\u00e2nd voia s\u0103-i otr\u0103veasc\u0103 c\u00e2inele. To\u0163i ace\u015ftia de la unitate \u00een timpul serviciului\u00a0 se duc prin rota\u0163ie la jocurile mecanice, la baruri, vin noaptea be\u0163i, se apuc\u0103 s\u0103 o chinuie pe victima Dobre cu fel \u015fi fel de aparaturi nepermise \u00een unitatea militar\u0103 \u015fi nici la vecinii familia Ioni\u0163\u0103. \u00cei transmit sunete ca de un ciocan care love\u015fte pe fundul<\/p>\n<figure id=\"attachment_3238\" aria-describedby=\"caption-attachment-3238\" style=\"width: 400px\" class=\"wp-caption alignleft\"><img loading=\"lazy\" decoding=\"async\" class=\"size-medium wp-image-3238\" src=\"http:\/\/www.editiespecialapress.ro\/wp\/wp-content\/uploads\/2015\/11\/Sediul-infractorilor-ai-UM-02286---n-spatele-pancardei-publicitare.JPG-400x300.jpg\" alt=\"Sediul infractorilor ai UM 02286, \u00een spatele pancardei publicitare\" width=\"400\" height=\"300\" \/><figcaption id=\"caption-attachment-3238\" class=\"wp-caption-text\">Sediul infractorilor ai UM 02286, \u00een spatele pancardei publicitare<\/figcaption><\/figure>\n<p>butoiului. \u00cei provoac\u0103 amor\u0163eala m\u00e2inilor, atac de panic\u0103, hipertensiune, blocajele musculare. C\u00e2teodat\u0103 aude pocnete \u00een pere\u0163ii casei sau \u00een geam. Din investiga\u0163iile noastre a reie\u015fit c\u0103 ace\u015ftia vor s\u0103-l omoare, trebuie verificat cu aparaturi speciale casa victimei, a vecinului s\u0103u Ioni\u0163\u0103 Narcis \u015fi \u00een Unitatea Militar\u0103 02286 pentru a se descoperi aparaturile electronice montate pentru distrugerea victimei. Victima Dobre de multe ori a plecat de acas\u0103 \u015fi a dormit pe la prieteni, unde nu i s-a\u00a0 \u00eent\u00e2mplat nimic. C\u00e2nd venea diminea\u0163a acas\u0103 era urm\u0103rit de personalul militar \u015fi de Narcis Ioni\u0163\u0103, \u00eei suna spun\u00e2ndu-le c\u0103 a sosit Dobre acas\u0103. Dobre ne mai spune c\u0103 pe 11.03.2015 a surprins un\u00a0 salariat civil\u00a0 al U.M. 02286 c\u00e2nd \u00eencerca s\u0103 primeasc\u0103 o plas\u0103 neagr\u0103 de plastic de la o persoan\u0103. \u00cen acea plas\u0103\u00a0 era o cutie dreptunghiular\u0103. Victima Dobre a mers la comandantul unit\u0103\u0163ii \u015fi l-a trimis la superiorii lui pentru a lua m\u0103suri, dar nu a fost luat \u00een considerare, refuz\u00e2ndu-l sau mai bine zis fugea s\u0103 nu stea de vorb\u0103 cu el, \u015ftia cazul, \u00eei acoperea pe to\u0163i ai lui. Comandantul Bucur, de la aceast\u0103 unitate 02286 a discutat cu dir. publica\u0163iei noastre, Iulian Ratea, spun\u00e2ndu-i c\u0103 o s\u0103-i cheme pe cei 3 subofi\u0163eri \u015fi o s\u0103 le spun\u0103 s\u0103-\u015fi vad\u0103 de treaba lor, s\u0103 nu-i mai fac\u0103 probleme lui Dobre. Problema este c\u0103 \u00een\u00a0 momentul \u00een care dir. Ratea \u015fi cu victima Dobre au intrat \u00een biroul comandantului, telefonul fix suna \u00een birou, comandantul Bucur\u00a0 a r\u0103spuns \u015fi a spus:\u00a0<em>Da, am \u00een\u0163eles. O s\u0103 rezolv problema.\u00a0<\/em>Cine \u00eel sunase? B\u0103ie\u0163ii de la 2 \u015fi un sfert ai MAI Arge\u015f SIPI. \u015etiau \u015fi jegurile de mili\u0163ieni de aceast\u0103 victim\u0103 chinuit\u0103. Oricum se vor verifica convorbirile telefonice pe ultimii doi ani ai tuturor infractorilor. S\u0103racului Dobre i se trage de la auzirea unei \u00eempu\u015fc\u0103turi ce venea din direc\u0163ia Unit\u0103\u0163ii Militare \u00een anul 2011, \u00een luna noiembrie, ora 19:00. Aceast\u0103 situa\u0163ie a discutat-o pe la un magazin \u00een comuna Bascov, dar a primit sfaturi de la un inginer militar, R\u0103dulescu, care lucrase \u00een acea unitate, s\u0103-\u015fi vad\u0103 de treaba lui, s\u0103 v\u00e2nd\u0103 casa \u015fi s\u0103 plece din zon\u0103 c\u0103 va fi vai de el. I-a zis de vreo 4-5 ori s\u0103 plece, s\u0103-\u015fi cumpere un apartament \u00een alt\u0103 zon\u0103, i-a spus c\u0103 nu poate dovedi nimic, \u00eentruc\u00e2t totul e f\u0103cut de nemernici cu cap. Unitatea este un depozit de carburant la care ei fur\u0103 la greu cu rucsacurile benzin\u0103 \u015fi motorin\u0103 \u015fi nu mai punem c\u0103 \u00ee\u015fi alimenteaz\u0103 autoturismele proprietate personal\u0103, gratis non-stop. Ace\u015fti nenoroci\u0163i asasini au mai omor\u00e2t o victim\u0103: Dinic\u0103 Gheorghe, tot din com. Bascov, jud. Arge\u015f. V\u0103 \u00eenchipui\u0163i ce Unitate Militar\u0103 are comuna Bascov \u015fi ce pot face la aceast\u0103 U.M. 02286. Dobre Aurelian e disperat, nu \u015ftie ce s\u0103 mai fac\u0103 c\u00e2nd se duce acas\u0103, a ajuns s\u0103 doarm\u0103 pe la<\/p>\n<figure id=\"attachment_3239\" aria-describedby=\"caption-attachment-3239\" style=\"width: 400px\" class=\"wp-caption alignright\"><img loading=\"lazy\" decoding=\"async\" class=\"size-medium wp-image-3239\" src=\"http:\/\/www.editiespecialapress.ro\/wp\/wp-content\/uploads\/2015\/11\/Vila-din-fa-----a-infractorilor-familiei-Ioni----.JPG-400x300.jpg\" alt=\"Vila din fa\u0163\u0103 a infractorilor familiei Ioni\u0163\u0103\" width=\"400\" height=\"300\" \/><figcaption id=\"caption-attachment-3239\" class=\"wp-caption-text\">Vila din fa\u0163\u0103 a infractorilor familiei Ioni\u0163\u0103<\/figcaption><\/figure>\n<p>prieteni din cauza asasinilor militari \u015fi civili. Oricum vor fi prin\u015fi cu toate aparaturile \u015fi furturile \u015fi vor fi aresta\u0163i. Le recomand\u0103m pe viitor du\u015furi reci la arestul militar Bucure\u015fti. P\u00e2n\u0103 aici v-a fost asasinilor ai U.M. 02286! Nu v\u0103 baza\u0163i c\u0103 sunte\u0163i militari, am b\u0103gat \u015fi b\u0103g\u0103m \u00een pu\u015fc\u0103rie generali etc.\u00a0 Voi, ni\u015fte limbrici de copiii mici, neast\u00e2mp\u0103ra\u0163i, dar negri la ma\u0163e, v-a\u0163i jucat cu focul. S\u0103 motiva\u0163i \u015fi focul tras \u00een luna noiembrie 2011, asasinilor, pe cine a\u0163i omor\u00e2t? A transformat depozitul de carburan\u0163i \u00een aparaturi de iradiat, terorizat etc. Victima Dobre va r\u0103m\u00e2ne la casa lui \u015fi voi ve\u0163i pleca la arestul militar Bucure\u015fti.<\/p>\n<ol>\n<li>Solicit\u0103m cercet\u0103ri de urgen\u0163\u0103 din partea prim-procurorului militar al Parchetului Tribunalului Militar Bucure\u015fti.<\/li>\n<\/ol>\n<p>2.Solicit\u0103m verificarea \u00eenregistr\u0103rilor telefonice ale tuturor angaja\u0163ilor ai acestei U.M. 02286 pe ultimii doi ani pentru a se stabili toate cele sesizate de noi.<\/p>\n<ol start=\"3\">\n<li>Solicit\u0103m verificarea film\u0103rilor din toat\u0103 U.M. precum \u015fi cele din afara U.M. pentru a se stabili cu exactitate faptele penale grave comise de subofi\u0163erii, ofi\u0163erii acestei U.M.<\/li>\n<li>Solicit\u0103m monitorizarea non-stop a acestora.<\/li>\n<\/ol>\n<p>Articol de<br \/>\nMarin Tudorache<\/p>\n<p>&nbsp;<\/p>\n","protected":false},"excerpt":{"rendered":"<p>Metoda de tortur\u0103 f\u0103r\u0103 urme prin perturbarea\u00a0 c\u00e2mpului electromagnetic, folosirea \u00een mod abuziv a unor dispozitive sau aparate de c\u0103tre subofi\u0163erii corpului de paz\u0103 al poli\u0163iei militare U.M. 02286 com. Bascov, Pite\u015fti, folosite \u00eempotriva victimei Dobre Aurealian din com. Bascov, sat P\u0103i\u015fe\u015fti DN 122. Dragii no\u015ftri cititori, continu\u0103m \u00een aceast\u0103 edi\u0163ie cu cei mai mari [&hellip;]<\/p>\n","protected":false},"author":2,"featured_media":3240,"comment_status":"closed","ping_status":"open","sticky":false,"template":"","format":"standard","meta":{"footnotes":""},"categories":[2],"tags":[182,183,184,185,186,187,188,173],"class_list":{"0":"post-3234","1":"post","2":"type-post","3":"status-publish","4":"format-standard","5":"has-post-thumbnail","7":"category-ancheta","8":"tag-comuna-bascov","9":"tag-dobre-aurelian","10":"tag-ionita-narcis","11":"tag-ionita-stelian","12":"tag-lupu-tiberiu","13":"tag-mierla-vasile","14":"tag-nasta-andrei","15":"tag-parchetul-tribunalului-militar-bucuresti"},"_links":{"self":[{"href":"https:\/\/www.editiespecialapress.ro\/newtest\/wp-json\/wp\/v2\/posts\/3234","targetHints":{"allow":["GET"]}}],"collection":[{"href":"https:\/\/www.editiespecialapress.ro\/newtest\/wp-json\/wp\/v2\/posts"}],"about":[{"href":"https:\/\/www.editiespecialapress.ro\/newtest\/wp-json\/wp\/v2\/types\/post"}],"author":[{"embeddable":true,"href":"https:\/\/www.editiespecialapress.ro\/newtest\/wp-json\/wp\/v2\/users\/2"}],"replies":[{"embeddable":true,"href":"https:\/\/www.editiespecialapress.ro\/newtest\/wp-json\/wp\/v2\/comments?post=3234"}],"version-history":[{"count":0,"href":"https:\/\/www.editiespecialapress.ro\/newtest\/wp-json\/wp\/v2\/posts\/3234\/revisions"}],"wp:featuredmedia":[{"embeddable":true,"href":"https:\/\/www.editiespecialapress.ro\/newtest\/wp-json\/"}],"wp:attachment":[{"href":"https:\/\/www.editiespecialapress.ro\/newtest\/wp-json\/wp\/v2\/media?parent=3234"}],"wp:term":[{"taxonomy":"category","embeddable":true,"href":"https:\/\/www.editiespecialapress.ro\/newtest\/wp-json\/wp\/v2\/categories?post=3234"},{"taxonomy":"post_tag","embeddable":true,"href":"https:\/\/www.editiespecialapress.ro\/newtest\/wp-json\/wp\/v2\/tags?post=3234"}],"curies":[{"name":"wp","href":"https:\/\/api.w.org\/{rel}","templated":true}]}}