{"id":3276,"date":"2015-11-16T00:08:04","date_gmt":"2015-11-15T22:08:04","guid":{"rendered":"http:\/\/www.editiespecialapress.ro\/?p=3276"},"modified":"2015-11-16T00:08:04","modified_gmt":"2015-11-15T22:08:04","slug":"fiarele-in-robe-de-la-inalta-curte-de-casatie-si-justitie-bucuresti-reprezentanta-a-romaniei-la-consiliul-consultativ-al-judecatorilor-europei-popa-rodica-aida-ghena-mariana-si-foitos-marius-dan-au","status":"publish","type":"post","link":"https:\/\/www.editiespecialapress.ro\/newtest\/2015\/11\/16\/fiarele-in-robe-de-la-inalta-curte-de-casatie-si-justitie-bucuresti-reprezentanta-a-romaniei-la-consiliul-consultativ-al-judecatorilor-europei-popa-rodica-aida-ghena-mariana-si-foitos-marius-dan-au\/","title":{"rendered":"Fiarele \u00een robe de la \u00cenalta Curte de Casa\u0163ie \u015fi Justi\u0163ie Bucure\u015fti, reprezentant\u0103 a Rom\u00e2niei la Consiliul Consultativ al Judec\u0103torilor Europei: Popa Rodica Aida, Ghena Mariana \u015fi Foito\u015f Marius Dan au condamnat \u00een mod abuziv zeci de mii de rom\u00e2ni  care le-au trecut prin m\u00e2na diavoleasc\u0103 la care au decedat sute \u00een aresturi \u015fi ANP-uri, fiarele fiind bucuroase de crimele s\u0103v\u00e2r\u015fite de ani de zile"},"content":{"rendered":"<figure id=\"attachment_3278\" aria-describedby=\"caption-attachment-3278\" style=\"width: 400px\" class=\"wp-caption alignright\"><img loading=\"lazy\" decoding=\"async\" class=\"size-medium wp-image-3278\" src=\"http:\/\/www.editiespecialapress.ro\/wp\/wp-content\/uploads\/2015\/11\/Hodoroaga-fiar---ascuns---sub-rob---Popa-Rodica-Aida-care-a-omor--t-sute-de-victime---i-a-distrus-zeci-de-mii-de-victime-400x225.jpg\" alt=\"Hodoroaga fiar\u0103, ascuns\u0103 sub rob\u0103, Popa Rodica Aida, care a omor\u00e2t sute de victime \u015fi a distrus zeci de mii de victime\" width=\"400\" height=\"225\" \/><figcaption id=\"caption-attachment-3278\" class=\"wp-caption-text\">Hodoroaga fiar\u0103, ascuns\u0103 sub rob\u0103, Popa Rodica Aida, care a omor\u00e2t sute de victime \u015fi a distrus zeci de mii de victime<\/figcaption><\/figure>\n<p>Fiarele \u00een robe de la \u00ce.C.C.J. Bucure\u015fti: Popa Rodica Aida, Ghena Mariana \u015fi Foito\u015f Marius Dan, complet de asasini prin condamn\u0103ri a zeci de mii de victime, l\u0103s\u00e2ndu-se cu decese sute, cre\u00e2nd diversiuni la articole de lege \u00een decizii, victimele deced\u00e2nd nevinovate \u015fi fiarele vor fi s\u0103turate toate pentru condamn\u0103ri pe via\u0163\u0103.<\/p>\n<p>Dragii no\u015ftri cititori, continu\u0103m \u00een aceast\u0103 edi\u0163ie cu cele mai mari fiare ale p\u0103m\u00e2ntului: Popa Rodica Aida, Ghena Mariana \u015fi Foito\u015f Marius Dan, judec\u0103tori asasini \u00een robe care condamn\u0103 f\u0103r\u0103 mil\u0103 \u015fi f\u0103r\u0103 scrupule tot ceea ce le vine \u00een gheara diavoleasc\u0103, folosind tehnici comuniste de la judec\u0103torii comuni\u015fti prin a folosi diversiuni la articole de lege, sentin\u0163e \u015fi decizii.<\/p>\n<figure id=\"attachment_3279\" aria-describedby=\"caption-attachment-3279\" style=\"width: 400px\" class=\"wp-caption alignleft\"><img loading=\"lazy\" decoding=\"async\" class=\"size-medium wp-image-3279\" src=\"http:\/\/www.editiespecialapress.ro\/wp\/wp-content\/uploads\/2015\/11\/Fiara-ascuns-----n-rob---Foito---Marius-Dan-care-a-omor--t---mpreun---cu-acestea-sute-de-victime---i-a-distrus-zeci-de-mii-de-victime-400x205.jpg\" alt=\"Fiara ascuns\u0103 \u00een rob\u0103, Foito\u015f Marius Dan, care a omor\u00e2t \u00eempreun\u0103 cu acestea sute de victime \u015fi a distrus zeci de mii de victime\" width=\"400\" height=\"205\" \/><figcaption id=\"caption-attachment-3279\" class=\"wp-caption-text\">Fiara ascuns\u0103 \u00een rob\u0103, Foito\u015f Marius Dan, care a omor\u00e2t \u00eempreun\u0103 cu acestea sute de victime \u015fi a distrus zeci de mii de victime<\/figcaption><\/figure>\n<p>V\u0103 prezent\u0103m din monitoriz\u0103rile de zeci de ani a fiarelor ascunse sub robe care au b\u0103tut recordul la crime. Acest complet de judecat\u0103 asasin care a mai f\u0103cut parte \u015fi din alte complete de judecat\u0103 prin rota\u0163ie, folosesc tehnica criminal\u0103 a judec\u0103torilor asasini comuni\u015fti, ne\u0163in\u00e2nd cont de probele din dosar \u00een favoarea victimelor (declara\u0163i de ei inculpa\u0163i) sau nefiind probe \u00een dosare, ei deja trec la invoc\u0103ri de articole care nu le-a reprezentat pe victimele zeci de mii care le-au trecut prin m\u00e2n\u0103, pun\u00e2ndu-le \u00een spinare alte articole care \u00eei incrimineaz\u0103 de fapte penale grave. \u00centr-un cuv\u00e2nt creeaz\u0103 o diversiune la \u00eencadr\u0103rile juridice prin invocarea articolelor de lege ce nu le reprezint\u0103 pe victime, b\u0103t\u00e2ndu-\u015fi joc de el \u00eentr-un hal f\u0103r\u0103 de hal, cu condamn\u0103ri foarte mari \u00een sentin\u0163e \u015fi decizii. Nu mai punem c\u0103 \u00eencalc\u0103 non-stop Conven\u0163ia pentru Ap\u0103rare a Drepturilor Omului \u015fi a Libert\u0103\u0163ilor Fundamentale art. 1, art. 2, art. 5, art. 6, art. 17.\u00a0 Articolul 1 arat\u0103 obliga\u0163ia de a respecta drepturile omului. Articolul 2 arat\u0103 dreptul la via\u0163\u0103, nu la asasinate cum au procedat aceste 3 fiare. Articolul 5 arat\u0103 dreptul la libertate \u015fi siguran\u0163\u0103. Articolul 6 dreptul la un proces echitabil, fie asupra temeiniciei oric\u0103rei acuza\u0163ii \u00een materie penal\u0103 \u00eendreptate \u00eempotriva sa. La ei nici nu s-a auzit de probe \u00een dosare, dar\u0103mite acuza\u0163ii reale. Ce echitabil s\u0103 judece aceste fiare ascunse \u00een robe, dac\u0103 ele au g\u00e2ndul numai de a omor\u00ee cet\u0103\u0163enii Rom\u00e2niei? Articolul 17 interzicerea abuzului de drept.\u00a0 Aceste fiare comit abuzuri foarte grave \u00een fiecare dosar pe care \u00eel judec\u0103.\u00a0 Le-a venit timpul \u015fi lor s\u0103-\u015fi piard\u0103 via\u0163a, ori de furia poporului care nu va sc\u0103pa nicio rob\u0103 asasin\u0103 sau \u00een pu\u015fc\u0103rie f\u0103r\u0103 a mai vedea libertatea. Dumnezeu a ferit poporul de aceste fiare s\u0103 nu aib\u0103 competen\u0163\u0103 \u015fi la alte instan\u0163e, \u00eentruc\u00e2t ar face pr\u0103p\u0103d unde s-ar instala. Dar Dumnezeu le-a dat pe cap \u015fi organe de cercetare penal\u0103 adev\u0103rate care le vor pune capac. Se bazeaz\u0103 c\u0103 sunt \u00eembr\u0103cate \u00een robe fiarele \u015fi au \u015ftampila justi\u0163iei. Peste pu\u0163in timp vor preda \u015fi robele \u015fi \u015ftampila la \u00eencarcerare. Stau jigodiile ordinare \u00een robe \u00een fa\u0163a poporului, b\u0103t\u00e2ndu-\u015fi joc de to\u0163i care le pic\u0103 \u00een ghiare.\u00a0 At\u00e2t de bolnave psihic<\/p>\n<figure id=\"attachment_3280\" aria-describedby=\"caption-attachment-3280\" style=\"width: 400px\" class=\"wp-caption alignright\"><img loading=\"lazy\" decoding=\"async\" class=\"size-medium wp-image-3280\" src=\"http:\/\/www.editiespecialapress.ro\/wp\/wp-content\/uploads\/2015\/11\/Fiara-bor--it---ascuns---sub-rob---Ghena-Mariana-care-a-omor--t-sute-de-victime---i-a-distrus-zeci-de-mii-de-victime-cu-sentin--e---i-decizii-abuzive-400x225.jpg\" alt=\"Fiara bor\u015fit\u0103 ascuns\u0103 sub rob\u0103, Ghena Mariana, care a omor\u00e2t sute de victime \u015fi a distrus zeci de mii de victime cu sentin\u0163e \u015fi decizii abuzive\" width=\"400\" height=\"225\" \/><figcaption id=\"caption-attachment-3280\" class=\"wp-caption-text\">Fiara bor\u015fit\u0103 ascuns\u0103 sub rob\u0103, Ghena Mariana, care a omor\u00e2t sute de victime \u015fi a distrus zeci de mii de victime cu sentin\u0163e \u015fi decizii abuzive<\/figcaption><\/figure>\n<p>sunt de dau termene separate cu audieri de martori \u00een toate dosarele. La alte termene audiaz\u0103, chipurile, inculpa\u0163ii \u015fi la alte termene martorii din dosare.\u00a0 Noi nu am \u00eent\u00e2lnit \u00een 30 de ani de munc\u0103 asemenea creaturi ordinare s\u0103 audieze martori f\u0103r\u0103 s\u0103 fie \u00een sala de judecat\u0103, chipurile, inculpa\u0163ii. Sau audiaz\u0103 inculpa\u0163ii f\u0103r\u0103 s\u0103 fie martorii \u00een sala de \u015fedin\u0163\u0103. \u00cei programeaz\u0103 pentru a nu se mai pune \u00eentreb\u0103ri de c\u0103tre avoca\u0163ii inculpa\u0163ilor. \u00cen mintea lor malefic\u0103, bolnav\u0103, te a\u015ftep\u0163i la orice. Directorul publica\u0163iei noastre, Iulian Ratea, a f\u0103cut apel la decizia de contesta\u0163ie \u00een anulare de la Curtea de Apel Pite\u015fti pentru incompatibilitatea altor fiare \u00een robe: Teodora Gheorghe Sorescu \u015fi Anda Mihaela Pluteanu care au participat \u00een apel\u00a0 \u015fi la contesta\u0163ia \u00een anulare, precum Teodora Gheorghe Sorescu \u015fi la contesta\u0163ia \u00een anulare \u00een prim\u0103 faz\u0103 de judecat\u0103.\u00a0 Aceste fiare ascunse \u00een robe, curve ordinare, bolnave psihic, au stat ca gloabele (vitele) CAP-iste, comuniste\u00a0 \u00een grajdul lor \u00een baleg\u0103 \u015fi au judecat acest dosar \u00een care era \u015fi Iulian Ratea care le-a preg\u0103tit mandatele de executare. Deci nesim\u0163itele dracu, curve \u00eempu\u0163ite care se t\u00e2r\u0103sc cu to\u0163i clien\u0163ii de ciubuc \u015fi-au men\u0163inut deciziile de 3 ori \u00een acest dosar.\u00a0 Au \u0163inut cu din\u0163ii de ele s\u0103 nu intre alt complet de judecat\u0103 s\u0103 desfiin\u0163eze sentin\u0163a, deciziile. Tu faci apel, contesta\u0163ii \u00eempotriva sentin\u0163ei, deciziilor eliberate de curvele \u00een robe ordinare \u015fi ele apar ca fiarele ascunse \u00een robe din nou, adic\u0103 a treia oar\u0103 s\u0103-\u015fi apere infrac\u0163iunile foarte<\/p>\n<figure id=\"attachment_3281\" aria-describedby=\"caption-attachment-3281\" style=\"width: 400px\" class=\"wp-caption alignleft\"><img loading=\"lazy\" decoding=\"async\" class=\"size-medium wp-image-3281\" src=\"http:\/\/www.editiespecialapress.ro\/wp\/wp-content\/uploads\/2015\/11\/Fiara-ascuns---sub-rob---curv---oridnar-----iganc---de-B--rla-AG-Teodora-Gheorghe-Sorescu-st--nga-400x267.jpg\" alt=\"Fiara ascuns\u0103 sub rob\u0103, curv\u0103 oridnar\u0103, \u0163iganc\u0103 de B\u00e2rla AG, Teodora Gheorghe Sorescu (st\u00e2nga)\" width=\"400\" height=\"267\" \/><figcaption id=\"caption-attachment-3281\" class=\"wp-caption-text\">Fiara ascuns\u0103 sub rob\u0103, curv\u0103 oridnar\u0103, \u0163iganc\u0103 de B\u00e2rla AG, Teodora Gheorghe Sorescu (st\u00e2nga)<\/figcaption><\/figure>\n<p>grave pe care le comiseser\u0103 anterior \u00een acela\u015fi dosar.\u00a0 Jegurile de la CSM nu au dorit s\u0103 aud\u0103 ce fac aceste curve \u0163ig\u0103nci sp\u0103l\u0103cite. Directorul Iulian Ratea s\u0103-\u015fi r\u00e2d\u0103 de ele, le-a dus la alte fiare ascunse sub robe la \u00ce.C.C.J.\u00a0 unde a dat de asasinele Popa Rodica Aida, Ghena Mariana, Foito\u015f Marius Dan. Acum, dup\u0103 cum se \u015ftia la prima or\u0103, adic\u0103 la 9 diminea\u0163a, au f\u0103cut apel, strig\u00e2ndu-l pe Iulian Ratea s\u0103 judece apelul la contesta\u0163ia \u00een anulare. El nu a intrat \u00een sala de \u015fedin\u0163e, \u015ftiind c\u0103 aceste fiare vor face pr\u0103p\u0103d, dar dosarul c\u0103pc\u0103nu\u0163\u0103. A stat \u015fi a asistat cum \u00ee\u015fi desf\u0103\u015foar\u0103 psihopatele activitatea infrac\u0163ional\u0103, deja le \u015ftia de la monitoriz\u0103rile \u00een ansamblul folcloric, infrac\u0163ional. Tocmai pe la ora 16, dup\u0103 ce \u015fi-au f\u0103cut necesit\u0103\u0163ile curvele, le-a a\u015fteptat \u00een fa\u0163a meselor pline de s\u00e2nge de la victime pentru a le \u00eentreba de ce nu strig\u0103 \u015fi dosarul lor. Curvele \u00een robe hodoroage: Popa Rodica Aida \u015fi\u00a0 Ghena Mariana i-au spus c\u0103 s-a l\u0103sat \u00een pronun\u0163are, prime\u015fte solu\u0163ia acas\u0103. Iulian Ratea\u00a0 le-a repro\u015fat c\u0103 la<\/p>\n<figure id=\"attachment_3282\" aria-describedby=\"caption-attachment-3282\" style=\"width: 400px\" class=\"wp-caption alignright\"><img loading=\"lazy\" decoding=\"async\" class=\"size-medium wp-image-3282\" src=\"http:\/\/www.editiespecialapress.ro\/wp\/wp-content\/uploads\/2015\/11\/Fiara-ascuns---sub-rob-----iganc---sp--l--cit---Anda-Mihaela-Pluteanu-st--nga-400x229.jpg\" alt=\"Fiara ascuns\u0103 sub rob\u0103, \u0163iganc\u0103 sp\u0103l\u0103cit\u0103, Anda Mihaela Pluteanu (st\u00e2nga)\" width=\"400\" height=\"229\" \/><figcaption id=\"caption-attachment-3282\" class=\"wp-caption-text\">Fiara ascuns\u0103 sub rob\u0103, \u0163iganc\u0103 sp\u0103l\u0103cit\u0103, Anda Mihaela Pluteanu (st\u00e2nga)<\/figcaption><\/figure>\n<p>d\u00e2nsele e ca la casele de nebuni: de ce nu las\u0103 s\u0103 strige dosarul la a doua strigare, cum se procedeaz\u0103 \u00een toat\u0103 justi\u0163ia rom\u00e2n\u0103. N-au vrut s\u0103 aud\u0103 de aceasta \u015fi ce s\u0103 mai zicem de ceilal\u0163i care erau \u00een calitate de inculpa\u0163i for\u0163a\u0163i. Condamn\u0103ri pe band\u0103 rulant\u0103, f\u0103r\u0103 probe, ani grei de pu\u015fc\u0103rie le-au dat la toate victimele din sal\u0103 care erau inculpa\u0163i. Ele chiar ne cred pro\u015fti, trec\u00a0 fraierii pe la ele. Or s\u0103 fac\u0103 pu\u015fc\u0103rie p\u00e2n\u0103 va c\u0103dea carnea de pe ele. Blestematelor de c\u0103tre zeci de mii de victime, care le-a\u0163i distrus via\u0163a, s\u0103n\u0103tatea \u015fi chiar a\u0163i omor\u00e2t c\u00e2teva sute. Sf\u00e2r\u015fitul libert\u0103\u0163ii voastre e aproape \u015fi cei pe care i-a\u0163i omor\u00e2t cu decizii abuzive, sute,\u00a0 v-au blestemat nenorocitelor comunite fasciste asasine! Ve\u0163i muri \u00een pu\u015fc\u0103rie, blestematelor. Jegurile nu au auzit c\u0103 pot fi cercetate \u015fi condamnate de Haga direct. Trag speran\u0163\u0103 c\u0103 le va sc\u0103pa prim-procuroarea Sutiman\u00a0 de la sec\u0163ia de urm\u0103rire penal\u0103 \u015fi criminalistic\u0103 din cadrul Parchetului General. Dac\u0103 nu se potole\u015fte cu favorizatul, infractoarelor, o s-o lua\u0163i cu voi la pu\u015fc\u0103rie.\u00a0 Cam asta fac nemernicele de la<\/p>\n<figure id=\"attachment_3284\" aria-describedby=\"caption-attachment-3284\" style=\"width: 400px\" class=\"wp-caption alignright\"><img loading=\"lazy\" decoding=\"async\" class=\"size-medium wp-image-3284\" src=\"http:\/\/www.editiespecialapress.ro\/wp\/wp-content\/uploads\/2015\/11\/Sediul-fiarelor---n-robe-de-la---nalta-Curte-de---ncasa--ie-Abuzuri-Genocid-400x281.jpg\" alt=\"Sediul fiarelor \u00een robe de la \u00cenalta Curte de \u00cencasa\u0163ie, Abuzuri, Genocid\" width=\"400\" height=\"281\" \/><figcaption id=\"caption-attachment-3284\" class=\"wp-caption-text\">Sediul fiarelor \u00een robe de la \u00cenalta Curte de \u00cencasa\u0163ie, Abuzuri, Genocid<\/figcaption><\/figure>\n<figure id=\"attachment_3283\" aria-describedby=\"caption-attachment-3283\" style=\"width: 400px\" class=\"wp-caption alignright\"><img loading=\"lazy\" decoding=\"async\" class=\"size-medium wp-image-3283\" src=\"http:\/\/www.editiespecialapress.ro\/wp\/wp-content\/uploads\/2015\/11\/Sediul-fiarelor---n-robe-de-la-Curtea-de-Apel-Pite--ti-400x300.jpg\" alt=\"Sediul fiarelor \u00een robe de la Curtea de Apel Pite\u015fti\" width=\"400\" height=\"300\" \/><figcaption id=\"caption-attachment-3283\" class=\"wp-caption-text\">Sediul fiarelor \u00een robe de la Curtea de Apel Pite\u015fti<\/figcaption><\/figure>\n<p>\u00cenalta Curte de \u00cencasa\u0163ie, Abuzuri \u015fi Genocid.\u00a0 Dau decizii \u00een sala de judecat\u0103 \u015fi mor victimele \u00een aresturi \u015fi ANP. Treab\u0103 bun\u0103 fac ele, asasinele? Ne vom ocupa de toate \u015fi de to\u0163i de la aceast\u0103 \u00cenalt\u0103 Curte p\u00e2n\u0103 la Arestarea \u015fi condamnarea tuturor.\u00a0 Cei de la provincii asem\u0103n\u0103tor lor, mai la urm\u0103 ne vom ocupa \u015fi de ei. Trebuie distrus capul balaurului \u015fi nu coada.<\/p>\n<ol>\n<li>Solicit\u0103m s\u0103 li se verifice tot ceea ce au emis ace\u015fti 3 judec\u0103tori, sentin\u0163e, decizii de la venirea lor \u00een aceast\u0103 instan\u0163\u0103 suprem\u0103 pentru a se stabili cu exactitate infrac\u0163iunile de represiune nedreapt\u0103 art. 283, alin. (1) \u015fi alin. (2) din N.C.P. Abuzul \u00een timpul serviciului, art. 297, alin. (1) N.C.P. art. 367 alin. (1), alin. (2), alin. (3)\u00a0 N.C.P. constituirea grupului infrac\u0163ional organizat din 3 nemernici, art. 17 CEDO, interzicerea abuzului de drept, infrac\u0163iuni contra umanit\u0103\u0163ii art. 439 alin. (1), literele a, g,i,k din N.C.P.<\/li>\n<li>Solicit\u0103m cercet\u0103ri de urgen\u0163\u0103 \u00eempotriva celor 3 judec\u0103tori\u00a0 \u015fi arestarea lor dup\u0103 realizarea probatoriului complet din fiecare dosar al victimelor zeci de mii.<\/li>\n<li>Solicit\u0103m s\u0103 se verifice c\u00e2te victime au fost condamnate abuziv \u015fi c\u00e2te au decedat \u00een aresturi \u015fi ANP din m\u00e2na acestora.<\/li>\n<\/ol>\n<p>4.Solicit\u0103m \u015fi verificarea convorbirilor telefonice pe ultimii doi ani de la toate telefoanele de la birouri, de acas\u0103, precum \u015fi ale celor mobile.<\/p>\n<ol start=\"5\">\n<li>Solicit\u0103m autosesizare din partea prim-procurorului de la urm\u0103rire penal\u0103 \u015fi criminalistic\u0103 din cadrul Parchetului de pe l\u00e2ng\u0103 \u00ce.C.C.J. Bucure\u015fti.<\/li>\n<li>Solicit\u0103m autosesizare din partea pre\u015fedintelui CSM care nu se va autosesiza mizeria de inspector judec\u0103tor care prefer\u0103 pu\u015fc\u0103ria la fiecare solicitare de-a noastr\u0103.\u00a0 Are dosare non-stop la Parchetul General.<\/li>\n<li>Solicit\u0103m autosesizare din partea pre\u015fedintelui statului \u015fi de a verifica situa\u0163ia infrac\u0163ional\u0103 a celor 3 judec\u0103tori, plus demiterea lor de \u00eendat\u0103.<\/li>\n<\/ol>\n<p style=\"text-align: right;\"><strong>Articol de<\/strong><br \/>\n<strong>Robert Florescu<\/strong><\/p>\n","protected":false},"excerpt":{"rendered":"<p>Fiarele \u00een robe de la \u00ce.C.C.J. Bucure\u015fti: Popa Rodica Aida, Ghena Mariana \u015fi Foito\u015f Marius Dan, complet de asasini prin condamn\u0103ri a zeci de mii de victime, l\u0103s\u00e2ndu-se cu decese sute, cre\u00e2nd diversiuni la articole de lege \u00een decizii, victimele deced\u00e2nd nevinovate \u015fi fiarele vor fi s\u0103turate toate pentru condamn\u0103ri pe via\u0163\u0103. Dragii no\u015ftri cititori, [&hellip;]<\/p>\n","protected":false},"author":2,"featured_media":3286,"comment_status":"closed","ping_status":"open","sticky":false,"template":"","format":"standard","meta":{"footnotes":""},"categories":[2],"tags":[26,7,189,48,190,63],"class_list":{"0":"post-3276","1":"post","2":"type-post","3":"status-publish","4":"format-standard","5":"has-post-thumbnail","7":"category-ancheta","8":"tag-anda-mihaela-pluteanu","9":"tag-curtea-de-apel-pitesti","10":"tag-foitos-marius-dan","11":"tag-mariana-ghena","12":"tag-popa-rodica-aida","13":"tag-sorescu-teodora"},"_links":{"self":[{"href":"https:\/\/www.editiespecialapress.ro\/newtest\/wp-json\/wp\/v2\/posts\/3276","targetHints":{"allow":["GET"]}}],"collection":[{"href":"https:\/\/www.editiespecialapress.ro\/newtest\/wp-json\/wp\/v2\/posts"}],"about":[{"href":"https:\/\/www.editiespecialapress.ro\/newtest\/wp-json\/wp\/v2\/types\/post"}],"author":[{"embeddable":true,"href":"https:\/\/www.editiespecialapress.ro\/newtest\/wp-json\/wp\/v2\/users\/2"}],"replies":[{"embeddable":true,"href":"https:\/\/www.editiespecialapress.ro\/newtest\/wp-json\/wp\/v2\/comments?post=3276"}],"version-history":[{"count":0,"href":"https:\/\/www.editiespecialapress.ro\/newtest\/wp-json\/wp\/v2\/posts\/3276\/revisions"}],"wp:featuredmedia":[{"embeddable":true,"href":"https:\/\/www.editiespecialapress.ro\/newtest\/wp-json\/"}],"wp:attachment":[{"href":"https:\/\/www.editiespecialapress.ro\/newtest\/wp-json\/wp\/v2\/media?parent=3276"}],"wp:term":[{"taxonomy":"category","embeddable":true,"href":"https:\/\/www.editiespecialapress.ro\/newtest\/wp-json\/wp\/v2\/categories?post=3276"},{"taxonomy":"post_tag","embeddable":true,"href":"https:\/\/www.editiespecialapress.ro\/newtest\/wp-json\/wp\/v2\/tags?post=3276"}],"curies":[{"name":"wp","href":"https:\/\/api.w.org\/{rel}","templated":true}]}}