{"id":3351,"date":"2015-12-20T21:28:02","date_gmt":"2015-12-20T19:28:02","guid":{"rendered":"http:\/\/www.editiespecialapress.ro\/?p=3351"},"modified":"2015-12-20T21:28:02","modified_gmt":"2015-12-20T19:28:02","slug":"3351","status":"publish","type":"post","link":"https:\/\/www.editiespecialapress.ro\/newtest\/2015\/12\/20\/3351\/","title":{"rendered":"Director Iulian Ratea \u015fi toat\u0103 redac\u0163ia"},"content":{"rendered":"<p>Bucuria Cr\u0103ciunului s\u0103 s\u0103l\u0103\u015fluiasc\u0103 ve\u015fnic \u00een inimile voastre lumin\u00e2ndu-v\u0103 sufletul. S\u0103 fi\u0163i veseli \u015fi iubi\u0163i \u015fi s\u0103 v\u0103 bucura\u0163i de cadouri frumoase.<\/p>\n<p style=\"text-align: center;\"><strong>Cr\u0103ciun fericit! <\/strong><\/p>\n<p style=\"text-align: right;\"><strong>Edi\u0163ie Special\u0103 Press,<\/strong><br \/>\n<strong>director Iulian Ratea \u015fi toat\u0103 redac\u0163ia<\/strong><\/p>\n","protected":false},"excerpt":{"rendered":"<p>Bucuria Cr\u0103ciunului s\u0103 s\u0103l\u0103\u015fluiasc\u0103 ve\u015fnic \u00een inimile voastre lumin\u00e2ndu-v\u0103 sufletul. S\u0103 fi\u0163i veseli \u015fi iubi\u0163i \u015fi s\u0103 v\u0103 bucura\u0163i de cadouri frumoase. Cr\u0103ciun fericit! Edi\u0163ie Special\u0103 Press, director Iulian Ratea \u015fi toat\u0103 redac\u0163ia<\/p>\n","protected":false},"author":2,"featured_media":3361,"comment_status":"closed","ping_status":"open","sticky":false,"template":"","format":"standard","meta":{"footnotes":""},"categories":[4],"tags":[],"class_list":{"0":"post-3351","1":"post","2":"type-post","3":"status-publish","4":"format-standard","5":"has-post-thumbnail","7":"category-felicitari"},"_links":{"self":[{"href":"https:\/\/www.editiespecialapress.ro\/newtest\/wp-json\/wp\/v2\/posts\/3351","targetHints":{"allow":["GET"]}}],"collection":[{"href":"https:\/\/www.editiespecialapress.ro\/newtest\/wp-json\/wp\/v2\/posts"}],"about":[{"href":"https:\/\/www.editiespecialapress.ro\/newtest\/wp-json\/wp\/v2\/types\/post"}],"author":[{"embeddable":true,"href":"https:\/\/www.editiespecialapress.ro\/newtest\/wp-json\/wp\/v2\/users\/2"}],"replies":[{"embeddable":true,"href":"https:\/\/www.editiespecialapress.ro\/newtest\/wp-json\/wp\/v2\/comments?post=3351"}],"version-history":[{"count":0,"href":"https:\/\/www.editiespecialapress.ro\/newtest\/wp-json\/wp\/v2\/posts\/3351\/revisions"}],"wp:featuredmedia":[{"embeddable":true,"href":"https:\/\/www.editiespecialapress.ro\/newtest\/wp-json\/"}],"wp:attachment":[{"href":"https:\/\/www.editiespecialapress.ro\/newtest\/wp-json\/wp\/v2\/media?parent=3351"}],"wp:term":[{"taxonomy":"category","embeddable":true,"href":"https:\/\/www.editiespecialapress.ro\/newtest\/wp-json\/wp\/v2\/categories?post=3351"},{"taxonomy":"post_tag","embeddable":true,"href":"https:\/\/www.editiespecialapress.ro\/newtest\/wp-json\/wp\/v2\/tags?post=3351"}],"curies":[{"name":"wp","href":"https:\/\/api.w.org\/{rel}","templated":true}]}}