{"id":3369,"date":"2015-12-20T21:38:04","date_gmt":"2015-12-20T19:38:04","guid":{"rendered":"http:\/\/www.editiespecialapress.ro\/?p=3369"},"modified":"2015-12-20T21:38:04","modified_gmt":"2015-12-20T19:38:04","slug":"3369","status":"publish","type":"post","link":"https:\/\/www.editiespecialapress.ro\/newtest\/2015\/12\/20\/3369\/","title":{"rendered":"Cr\u0103ciun fericit! Prim\u0103ria Albe\u015ftii de Arge\u015f,"},"content":{"rendered":"<p>E s\u0103rb\u0103toare! Bucura\u0163i-v\u0103 de pace, lumin\u0103 si c\u0103ldur\u0103 al\u0103turi de cei dragi vou\u0103. D\u0103rui\u0163i din toat\u0103 inima \u015fi deschide\u0163i-v\u0103 sufletele pentru a primi dragoste si fericire. Las\u0103\u0163i-v\u0103 sufletele s\u0103 renasc\u0103 si tr\u0103i\u0163i fiecare zi ca pe un dar nepretuit.<\/p>\n<p style=\"text-align: center;\"><strong>Cr\u0103ciun fericit! <\/strong><\/p>\n<p style=\"text-align: right;\"><strong>Prim\u0103ria Albe\u015ftii de Arge\u015f,<\/strong><br \/>\n<strong>primar Sava Vasile \u015fi angaja\u0163ii prim\u0103riei<\/strong><\/p>\n","protected":false},"excerpt":{"rendered":"<p>E s\u0103rb\u0103toare! Bucura\u0163i-v\u0103 de pace, lumin\u0103 si c\u0103ldur\u0103 al\u0103turi de cei dragi vou\u0103. D\u0103rui\u0163i din toat\u0103 inima \u015fi deschide\u0163i-v\u0103 sufletele pentru a primi dragoste si fericire. Las\u0103\u0163i-v\u0103 sufletele s\u0103 renasc\u0103 si tr\u0103i\u0163i fiecare zi ca pe un dar nepretuit. Cr\u0103ciun fericit! Prim\u0103ria Albe\u015ftii de Arge\u015f, primar Sava Vasile \u015fi angaja\u0163ii prim\u0103riei<\/p>\n","protected":false},"author":2,"featured_media":3352,"comment_status":"closed","ping_status":"open","sticky":false,"template":"","format":"standard","meta":{"footnotes":""},"categories":[4],"tags":[],"class_list":{"0":"post-3369","1":"post","2":"type-post","3":"status-publish","4":"format-standard","5":"has-post-thumbnail","7":"category-felicitari"},"_links":{"self":[{"href":"https:\/\/www.editiespecialapress.ro\/newtest\/wp-json\/wp\/v2\/posts\/3369","targetHints":{"allow":["GET"]}}],"collection":[{"href":"https:\/\/www.editiespecialapress.ro\/newtest\/wp-json\/wp\/v2\/posts"}],"about":[{"href":"https:\/\/www.editiespecialapress.ro\/newtest\/wp-json\/wp\/v2\/types\/post"}],"author":[{"embeddable":true,"href":"https:\/\/www.editiespecialapress.ro\/newtest\/wp-json\/wp\/v2\/users\/2"}],"replies":[{"embeddable":true,"href":"https:\/\/www.editiespecialapress.ro\/newtest\/wp-json\/wp\/v2\/comments?post=3369"}],"version-history":[{"count":0,"href":"https:\/\/www.editiespecialapress.ro\/newtest\/wp-json\/wp\/v2\/posts\/3369\/revisions"}],"wp:featuredmedia":[{"embeddable":true,"href":"https:\/\/www.editiespecialapress.ro\/newtest\/wp-json\/"}],"wp:attachment":[{"href":"https:\/\/www.editiespecialapress.ro\/newtest\/wp-json\/wp\/v2\/media?parent=3369"}],"wp:term":[{"taxonomy":"category","embeddable":true,"href":"https:\/\/www.editiespecialapress.ro\/newtest\/wp-json\/wp\/v2\/categories?post=3369"},{"taxonomy":"post_tag","embeddable":true,"href":"https:\/\/www.editiespecialapress.ro\/newtest\/wp-json\/wp\/v2\/tags?post=3369"}],"curies":[{"name":"wp","href":"https:\/\/api.w.org\/{rel}","templated":true}]}}