{"id":3372,"date":"2015-12-20T21:39:41","date_gmt":"2015-12-20T19:39:41","guid":{"rendered":"http:\/\/www.editiespecialapress.ro\/?p=3372"},"modified":"2015-12-20T21:39:41","modified_gmt":"2015-12-20T19:39:41","slug":"craciun-fericit-primaria-baiculesti-ag","status":"publish","type":"post","link":"https:\/\/www.editiespecialapress.ro\/newtest\/2015\/12\/20\/craciun-fericit-primaria-baiculesti-ag\/","title":{"rendered":"Cr\u0103ciun Fericit! Prim\u0103ria B\u0103icule\u015fti (AG)"},"content":{"rendered":"<p>Fie ca aroma de brad, portocala, colindele, cozonacul cald si mirosul de iarn\u0103 s\u0103 v\u0103 umple inimile de bucurie \u015fi sufletele de lini\u015fte.<\/p>\n<p style=\"text-align: center;\"><strong>Cr\u0103ciun Fericit! <\/strong><\/p>\n<p style=\"text-align: right;\"><strong>Prim\u0103ria B\u0103icule\u015fti (AG),<\/strong><br \/>\n<strong>primar Dragnea\u00a0 Niculae \u015fi angaja\u0163ii prim\u0103riei<\/strong><\/p>\n","protected":false},"excerpt":{"rendered":"<p>Fie ca aroma de brad, portocala, colindele, cozonacul cald si mirosul de iarn\u0103 s\u0103 v\u0103 umple inimile de bucurie \u015fi sufletele de lini\u015fte. Cr\u0103ciun Fericit! Prim\u0103ria B\u0103icule\u015fti (AG), primar Dragnea\u00a0 Niculae \u015fi angaja\u0163ii prim\u0103riei<\/p>\n","protected":false},"author":2,"featured_media":3354,"comment_status":"closed","ping_status":"open","sticky":false,"template":"","format":"standard","meta":{"footnotes":""},"categories":[4],"tags":[],"class_list":{"0":"post-3372","1":"post","2":"type-post","3":"status-publish","4":"format-standard","5":"has-post-thumbnail","7":"category-felicitari"},"_links":{"self":[{"href":"https:\/\/www.editiespecialapress.ro\/newtest\/wp-json\/wp\/v2\/posts\/3372","targetHints":{"allow":["GET"]}}],"collection":[{"href":"https:\/\/www.editiespecialapress.ro\/newtest\/wp-json\/wp\/v2\/posts"}],"about":[{"href":"https:\/\/www.editiespecialapress.ro\/newtest\/wp-json\/wp\/v2\/types\/post"}],"author":[{"embeddable":true,"href":"https:\/\/www.editiespecialapress.ro\/newtest\/wp-json\/wp\/v2\/users\/2"}],"replies":[{"embeddable":true,"href":"https:\/\/www.editiespecialapress.ro\/newtest\/wp-json\/wp\/v2\/comments?post=3372"}],"version-history":[{"count":0,"href":"https:\/\/www.editiespecialapress.ro\/newtest\/wp-json\/wp\/v2\/posts\/3372\/revisions"}],"wp:featuredmedia":[{"embeddable":true,"href":"https:\/\/www.editiespecialapress.ro\/newtest\/wp-json\/"}],"wp:attachment":[{"href":"https:\/\/www.editiespecialapress.ro\/newtest\/wp-json\/wp\/v2\/media?parent=3372"}],"wp:term":[{"taxonomy":"category","embeddable":true,"href":"https:\/\/www.editiespecialapress.ro\/newtest\/wp-json\/wp\/v2\/categories?post=3372"},{"taxonomy":"post_tag","embeddable":true,"href":"https:\/\/www.editiespecialapress.ro\/newtest\/wp-json\/wp\/v2\/tags?post=3372"}],"curies":[{"name":"wp","href":"https:\/\/api.w.org\/{rel}","templated":true}]}}