{"id":3374,"date":"2015-12-20T21:40:28","date_gmt":"2015-12-20T19:40:28","guid":{"rendered":"http:\/\/www.editiespecialapress.ro\/?p=3374"},"modified":"2015-12-20T21:40:28","modified_gmt":"2015-12-20T19:40:28","slug":"craciun-fericit-primaria-barla-ag","status":"publish","type":"post","link":"https:\/\/www.editiespecialapress.ro\/newtest\/2015\/12\/20\/craciun-fericit-primaria-barla-ag\/","title":{"rendered":"Cr\u0103ciun fericit! Prim\u0103ria B\u00e2rla, AG"},"content":{"rendered":"<p>Frumuse\u0163ea iernii, cu dulcele ecou al colindelor si cu imaginea celor dragi \u00een suflet s\u0103 v\u0103 aduc\u0103 \u00eemplinire, iubire si fericire.<\/p>\n<p style=\"text-align: center;\"><strong>Cr\u0103ciun fericit! <\/strong><\/p>\n<p style=\"text-align: right;\"><strong>Prim\u0103ria B\u00e2rla, AG,<\/strong><br \/>\n<strong>primar Neac\u015fu Ion \u015fi angaja\u0163ii prim\u0103riei<\/strong><\/p>\n","protected":false},"excerpt":{"rendered":"<p>Frumuse\u0163ea iernii, cu dulcele ecou al colindelor si cu imaginea celor dragi \u00een suflet s\u0103 v\u0103 aduc\u0103 \u00eemplinire, iubire si fericire. Cr\u0103ciun fericit! Prim\u0103ria B\u00e2rla, AG, primar Neac\u015fu Ion \u015fi angaja\u0163ii prim\u0103riei<\/p>\n","protected":false},"author":2,"featured_media":3355,"comment_status":"closed","ping_status":"open","sticky":false,"template":"","format":"standard","meta":{"footnotes":""},"categories":[4],"tags":[],"class_list":{"0":"post-3374","1":"post","2":"type-post","3":"status-publish","4":"format-standard","5":"has-post-thumbnail","7":"category-felicitari"},"_links":{"self":[{"href":"https:\/\/www.editiespecialapress.ro\/newtest\/wp-json\/wp\/v2\/posts\/3374","targetHints":{"allow":["GET"]}}],"collection":[{"href":"https:\/\/www.editiespecialapress.ro\/newtest\/wp-json\/wp\/v2\/posts"}],"about":[{"href":"https:\/\/www.editiespecialapress.ro\/newtest\/wp-json\/wp\/v2\/types\/post"}],"author":[{"embeddable":true,"href":"https:\/\/www.editiespecialapress.ro\/newtest\/wp-json\/wp\/v2\/users\/2"}],"replies":[{"embeddable":true,"href":"https:\/\/www.editiespecialapress.ro\/newtest\/wp-json\/wp\/v2\/comments?post=3374"}],"version-history":[{"count":0,"href":"https:\/\/www.editiespecialapress.ro\/newtest\/wp-json\/wp\/v2\/posts\/3374\/revisions"}],"wp:featuredmedia":[{"embeddable":true,"href":"https:\/\/www.editiespecialapress.ro\/newtest\/wp-json\/"}],"wp:attachment":[{"href":"https:\/\/www.editiespecialapress.ro\/newtest\/wp-json\/wp\/v2\/media?parent=3374"}],"wp:term":[{"taxonomy":"category","embeddable":true,"href":"https:\/\/www.editiespecialapress.ro\/newtest\/wp-json\/wp\/v2\/categories?post=3374"},{"taxonomy":"post_tag","embeddable":true,"href":"https:\/\/www.editiespecialapress.ro\/newtest\/wp-json\/wp\/v2\/tags?post=3374"}],"curies":[{"name":"wp","href":"https:\/\/api.w.org\/{rel}","templated":true}]}}