{"id":3376,"date":"2015-12-20T21:41:10","date_gmt":"2015-12-20T19:41:10","guid":{"rendered":"http:\/\/www.editiespecialapress.ro\/?p=3376"},"modified":"2015-12-20T21:41:10","modified_gmt":"2015-12-20T19:41:10","slug":"craciun-fericit-primaria-bascov-ag","status":"publish","type":"post","link":"https:\/\/www.editiespecialapress.ro\/newtest\/2015\/12\/20\/craciun-fericit-primaria-bascov-ag\/","title":{"rendered":"Cr\u0103ciun fericit! Prim\u0103ria Bascov, AG"},"content":{"rendered":"<p>Fie ca Pruncul n\u0103scut \u00een ieslea din Bethleem s\u0103 v\u0103 umple casele \u015fi vie\u0163ile cu bucurie, s\u0103n\u0103tate \u015fi mult\u0103 \u00een\u0163elepciune pentru anul care vine.<\/p>\n<p style=\"text-align: center;\"><strong>Cr\u0103ciun fericit! <\/strong><\/p>\n<p style=\"text-align: right;\"><strong>Prim\u0103ria Bascov, AG,<\/strong><br \/>\n<strong>primar Stancu Gheorghe \u015fi angaja\u0163ii prim\u0103riei<\/strong><\/p>\n","protected":false},"excerpt":{"rendered":"<p>Fie ca Pruncul n\u0103scut \u00een ieslea din Bethleem s\u0103 v\u0103 umple casele \u015fi vie\u0163ile cu bucurie, s\u0103n\u0103tate \u015fi mult\u0103 \u00een\u0163elepciune pentru anul care vine. Cr\u0103ciun fericit! Prim\u0103ria Bascov, AG, primar Stancu Gheorghe \u015fi angaja\u0163ii prim\u0103riei<\/p>\n","protected":false},"author":2,"featured_media":3356,"comment_status":"closed","ping_status":"open","sticky":false,"template":"","format":"standard","meta":{"footnotes":""},"categories":[4],"tags":[],"class_list":{"0":"post-3376","1":"post","2":"type-post","3":"status-publish","4":"format-standard","5":"has-post-thumbnail","7":"category-felicitari"},"_links":{"self":[{"href":"https:\/\/www.editiespecialapress.ro\/newtest\/wp-json\/wp\/v2\/posts\/3376","targetHints":{"allow":["GET"]}}],"collection":[{"href":"https:\/\/www.editiespecialapress.ro\/newtest\/wp-json\/wp\/v2\/posts"}],"about":[{"href":"https:\/\/www.editiespecialapress.ro\/newtest\/wp-json\/wp\/v2\/types\/post"}],"author":[{"embeddable":true,"href":"https:\/\/www.editiespecialapress.ro\/newtest\/wp-json\/wp\/v2\/users\/2"}],"replies":[{"embeddable":true,"href":"https:\/\/www.editiespecialapress.ro\/newtest\/wp-json\/wp\/v2\/comments?post=3376"}],"version-history":[{"count":0,"href":"https:\/\/www.editiespecialapress.ro\/newtest\/wp-json\/wp\/v2\/posts\/3376\/revisions"}],"wp:featuredmedia":[{"embeddable":true,"href":"https:\/\/www.editiespecialapress.ro\/newtest\/wp-json\/"}],"wp:attachment":[{"href":"https:\/\/www.editiespecialapress.ro\/newtest\/wp-json\/wp\/v2\/media?parent=3376"}],"wp:term":[{"taxonomy":"category","embeddable":true,"href":"https:\/\/www.editiespecialapress.ro\/newtest\/wp-json\/wp\/v2\/categories?post=3376"},{"taxonomy":"post_tag","embeddable":true,"href":"https:\/\/www.editiespecialapress.ro\/newtest\/wp-json\/wp\/v2\/tags?post=3376"}],"curies":[{"name":"wp","href":"https:\/\/api.w.org\/{rel}","templated":true}]}}