{"id":3378,"date":"2015-12-20T21:41:52","date_gmt":"2015-12-20T19:41:52","guid":{"rendered":"http:\/\/www.editiespecialapress.ro\/?p=3378"},"modified":"2015-12-20T21:41:52","modified_gmt":"2015-12-20T19:41:52","slug":"craciun-fericit-primaria-bogati-ag","status":"publish","type":"post","link":"https:\/\/www.editiespecialapress.ro\/newtest\/2015\/12\/20\/craciun-fericit-primaria-bogati-ag\/","title":{"rendered":"Cr\u0103ciun fericit! Prim\u0103ria Boga\u0163i, AG"},"content":{"rendered":"<p>Lumina Na\u015fterii Lui Iisus se \u00eentinde de la o cas\u0103 la alta, de la o inim\u0103 la alta, iar c\u0103ldura \u015fi bucuria Cr\u0103ciunului ne aduce pe to\u0163i mai aproape!<\/p>\n<p style=\"text-align: center;\"><strong>Cr\u0103ciun fericit! <\/strong><\/p>\n<p style=\"text-align: right;\"><strong>Prim\u0103ria Boga\u0163i, AG,<\/strong><br \/>\n<strong>primar G\u00e2rleanu Ion \u015fi angaja\u0163ii prim\u0103riei<\/strong><\/p>\n","protected":false},"excerpt":{"rendered":"<p>Lumina Na\u015fterii Lui Iisus se \u00eentinde de la o cas\u0103 la alta, de la o inim\u0103 la alta, iar c\u0103ldura \u015fi bucuria Cr\u0103ciunului ne aduce pe to\u0163i mai aproape! Cr\u0103ciun fericit! Prim\u0103ria Boga\u0163i, AG, primar G\u00e2rleanu Ion \u015fi angaja\u0163ii prim\u0103riei<\/p>\n","protected":false},"author":2,"featured_media":3357,"comment_status":"closed","ping_status":"open","sticky":false,"template":"","format":"standard","meta":{"footnotes":""},"categories":[4],"tags":[],"class_list":{"0":"post-3378","1":"post","2":"type-post","3":"status-publish","4":"format-standard","5":"has-post-thumbnail","7":"category-felicitari"},"_links":{"self":[{"href":"https:\/\/www.editiespecialapress.ro\/newtest\/wp-json\/wp\/v2\/posts\/3378","targetHints":{"allow":["GET"]}}],"collection":[{"href":"https:\/\/www.editiespecialapress.ro\/newtest\/wp-json\/wp\/v2\/posts"}],"about":[{"href":"https:\/\/www.editiespecialapress.ro\/newtest\/wp-json\/wp\/v2\/types\/post"}],"author":[{"embeddable":true,"href":"https:\/\/www.editiespecialapress.ro\/newtest\/wp-json\/wp\/v2\/users\/2"}],"replies":[{"embeddable":true,"href":"https:\/\/www.editiespecialapress.ro\/newtest\/wp-json\/wp\/v2\/comments?post=3378"}],"version-history":[{"count":0,"href":"https:\/\/www.editiespecialapress.ro\/newtest\/wp-json\/wp\/v2\/posts\/3378\/revisions"}],"wp:featuredmedia":[{"embeddable":true,"href":"https:\/\/www.editiespecialapress.ro\/newtest\/wp-json\/"}],"wp:attachment":[{"href":"https:\/\/www.editiespecialapress.ro\/newtest\/wp-json\/wp\/v2\/media?parent=3378"}],"wp:term":[{"taxonomy":"category","embeddable":true,"href":"https:\/\/www.editiespecialapress.ro\/newtest\/wp-json\/wp\/v2\/categories?post=3378"},{"taxonomy":"post_tag","embeddable":true,"href":"https:\/\/www.editiespecialapress.ro\/newtest\/wp-json\/wp\/v2\/tags?post=3378"}],"curies":[{"name":"wp","href":"https:\/\/api.w.org\/{rel}","templated":true}]}}