{"id":3380,"date":"2015-12-20T21:42:37","date_gmt":"2015-12-20T19:42:37","guid":{"rendered":"http:\/\/www.editiespecialapress.ro\/?p=3380"},"modified":"2015-12-20T21:42:37","modified_gmt":"2015-12-20T19:42:37","slug":"3380","status":"publish","type":"post","link":"https:\/\/www.editiespecialapress.ro\/newtest\/2015\/12\/20\/3380\/","title":{"rendered":"Cr\u0103ciun fericit!  Prim\u0103ria Cepari,AG,"},"content":{"rendered":"<p>S\u0103 vin\u0103 Cr\u0103ciunul \u015fi to\u0163i clopo\u0163eii din brad s\u0103 v\u0103 c\u00e2nte colindul magic care s\u0103 poarte cu el \u00eencrederea, puterea \u015fi speran\u0163a de care ave\u0163i nevoie!<\/p>\n<p style=\"text-align: center;\"><strong>Cr\u0103ciun fericit!<\/strong><\/p>\n<p style=\"text-align: right;\"><strong>Prim\u0103ria Cepari,AG,<\/strong><br \/>\n<strong>primar Minculete Gheorghe \u015fi angaja\u0163ii prim\u0103riei<\/strong><\/p>\n","protected":false},"excerpt":{"rendered":"<p>S\u0103 vin\u0103 Cr\u0103ciunul \u015fi to\u0163i clopo\u0163eii din brad s\u0103 v\u0103 c\u00e2nte colindul magic care s\u0103 poarte cu el \u00eencrederea, puterea \u015fi speran\u0163a de care ave\u0163i nevoie! Cr\u0103ciun fericit! Prim\u0103ria Cepari,AG, primar Minculete Gheorghe \u015fi angaja\u0163ii prim\u0103riei<\/p>\n","protected":false},"author":2,"featured_media":3358,"comment_status":"closed","ping_status":"open","sticky":false,"template":"","format":"standard","meta":{"footnotes":""},"categories":[4],"tags":[],"class_list":{"0":"post-3380","1":"post","2":"type-post","3":"status-publish","4":"format-standard","5":"has-post-thumbnail","7":"category-felicitari"},"_links":{"self":[{"href":"https:\/\/www.editiespecialapress.ro\/newtest\/wp-json\/wp\/v2\/posts\/3380","targetHints":{"allow":["GET"]}}],"collection":[{"href":"https:\/\/www.editiespecialapress.ro\/newtest\/wp-json\/wp\/v2\/posts"}],"about":[{"href":"https:\/\/www.editiespecialapress.ro\/newtest\/wp-json\/wp\/v2\/types\/post"}],"author":[{"embeddable":true,"href":"https:\/\/www.editiespecialapress.ro\/newtest\/wp-json\/wp\/v2\/users\/2"}],"replies":[{"embeddable":true,"href":"https:\/\/www.editiespecialapress.ro\/newtest\/wp-json\/wp\/v2\/comments?post=3380"}],"version-history":[{"count":0,"href":"https:\/\/www.editiespecialapress.ro\/newtest\/wp-json\/wp\/v2\/posts\/3380\/revisions"}],"wp:featuredmedia":[{"embeddable":true,"href":"https:\/\/www.editiespecialapress.ro\/newtest\/wp-json\/"}],"wp:attachment":[{"href":"https:\/\/www.editiespecialapress.ro\/newtest\/wp-json\/wp\/v2\/media?parent=3380"}],"wp:term":[{"taxonomy":"category","embeddable":true,"href":"https:\/\/www.editiespecialapress.ro\/newtest\/wp-json\/wp\/v2\/categories?post=3380"},{"taxonomy":"post_tag","embeddable":true,"href":"https:\/\/www.editiespecialapress.ro\/newtest\/wp-json\/wp\/v2\/tags?post=3380"}],"curies":[{"name":"wp","href":"https:\/\/api.w.org\/{rel}","templated":true}]}}