{"id":3385,"date":"2015-12-20T21:44:19","date_gmt":"2015-12-20T19:44:19","guid":{"rendered":"http:\/\/www.editiespecialapress.ro\/?p=3385"},"modified":"2015-12-20T21:44:19","modified_gmt":"2015-12-20T19:44:19","slug":"craciun-fericit-primaria-draganu-ag","status":"publish","type":"post","link":"https:\/\/www.editiespecialapress.ro\/newtest\/2015\/12\/20\/craciun-fericit-primaria-draganu-ag\/","title":{"rendered":"Cr\u0103ciun fericit! Prim\u0103ria Dr\u0103ganu, AG"},"content":{"rendered":"<p>Fie ca Na\u0219terea Domnului s\u0103 v\u0103 lumineze sufletele \u0219i casa, s\u0103 ave\u021bi parte de s\u0103n\u0103tate, bel\u0219ug \u0219i fericire!<\/p>\n<p style=\"text-align: center;\"><strong>Cr\u0103ciun fericit!<\/strong><\/p>\n<p style=\"text-align: right;\"><strong>Prim\u0103ria Dr\u0103ganu, AG,<\/strong><br \/>\n<strong>primar Maria Aurelian \u015fi angaja\u0163ii prim\u0103riei<\/strong><\/p>\n","protected":false},"excerpt":{"rendered":"<p>Fie ca Na\u0219terea Domnului s\u0103 v\u0103 lumineze sufletele \u0219i casa, s\u0103 ave\u021bi parte de s\u0103n\u0103tate, bel\u0219ug \u0219i fericire! Cr\u0103ciun fericit! Prim\u0103ria Dr\u0103ganu, AG, primar Maria Aurelian \u015fi angaja\u0163ii prim\u0103riei<\/p>\n","protected":false},"author":2,"featured_media":3360,"comment_status":"closed","ping_status":"open","sticky":false,"template":"","format":"standard","meta":{"footnotes":""},"categories":[4],"tags":[],"class_list":{"0":"post-3385","1":"post","2":"type-post","3":"status-publish","4":"format-standard","5":"has-post-thumbnail","7":"category-felicitari"},"_links":{"self":[{"href":"https:\/\/www.editiespecialapress.ro\/newtest\/wp-json\/wp\/v2\/posts\/3385","targetHints":{"allow":["GET"]}}],"collection":[{"href":"https:\/\/www.editiespecialapress.ro\/newtest\/wp-json\/wp\/v2\/posts"}],"about":[{"href":"https:\/\/www.editiespecialapress.ro\/newtest\/wp-json\/wp\/v2\/types\/post"}],"author":[{"embeddable":true,"href":"https:\/\/www.editiespecialapress.ro\/newtest\/wp-json\/wp\/v2\/users\/2"}],"replies":[{"embeddable":true,"href":"https:\/\/www.editiespecialapress.ro\/newtest\/wp-json\/wp\/v2\/comments?post=3385"}],"version-history":[{"count":0,"href":"https:\/\/www.editiespecialapress.ro\/newtest\/wp-json\/wp\/v2\/posts\/3385\/revisions"}],"wp:featuredmedia":[{"embeddable":true,"href":"https:\/\/www.editiespecialapress.ro\/newtest\/wp-json\/"}],"wp:attachment":[{"href":"https:\/\/www.editiespecialapress.ro\/newtest\/wp-json\/wp\/v2\/media?parent=3385"}],"wp:term":[{"taxonomy":"category","embeddable":true,"href":"https:\/\/www.editiespecialapress.ro\/newtest\/wp-json\/wp\/v2\/categories?post=3385"},{"taxonomy":"post_tag","embeddable":true,"href":"https:\/\/www.editiespecialapress.ro\/newtest\/wp-json\/wp\/v2\/tags?post=3385"}],"curies":[{"name":"wp","href":"https:\/\/api.w.org\/{rel}","templated":true}]}}