{"id":3387,"date":"2015-12-20T21:45:04","date_gmt":"2015-12-20T19:45:04","guid":{"rendered":"http:\/\/www.editiespecialapress.ro\/?p=3387"},"modified":"2015-12-20T21:45:04","modified_gmt":"2015-12-20T19:45:04","slug":"craciun-fericit-primaria-pietrosani-ag","status":"publish","type":"post","link":"https:\/\/www.editiespecialapress.ro\/newtest\/2015\/12\/20\/craciun-fericit-primaria-pietrosani-ag\/","title":{"rendered":"Cr\u0103ciun fericit! Prim\u0103ria Pietro\u015fani, AG"},"content":{"rendered":"<p>\u00cen prag de s\u0103rb\u0103tori, cu pacea, lumin\u0103 \u0219i c\u0103ldur\u0103 \u00een suflet, v\u0103 dorim sa ave\u021bi parte de zile minunate, de un Mo\u0219 Cr\u0103ciun darnic \u0219i bun.<\/p>\n<p style=\"text-align: center;\"><strong>Cr\u0103ciun fericit!<\/strong><\/p>\n<p style=\"text-align: right;\"><strong>Prim\u0103ria Pietro\u015fani, AG, <\/strong><br \/>\n<strong>primar P\u0103tru Eugen \u015fi angaja\u0163ii prim\u0103riei<\/strong><\/p>\n","protected":false},"excerpt":{"rendered":"<p>\u00cen prag de s\u0103rb\u0103tori, cu pacea, lumin\u0103 \u0219i c\u0103ldur\u0103 \u00een suflet, v\u0103 dorim sa ave\u021bi parte de zile minunate, de un Mo\u0219 Cr\u0103ciun darnic \u0219i bun. Cr\u0103ciun fericit! Prim\u0103ria Pietro\u015fani, AG, primar P\u0103tru Eugen \u015fi angaja\u0163ii prim\u0103riei<\/p>\n","protected":false},"author":2,"featured_media":3362,"comment_status":"closed","ping_status":"open","sticky":false,"template":"","format":"standard","meta":{"footnotes":""},"categories":[4],"tags":[],"class_list":{"0":"post-3387","1":"post","2":"type-post","3":"status-publish","4":"format-standard","5":"has-post-thumbnail","7":"category-felicitari"},"_links":{"self":[{"href":"https:\/\/www.editiespecialapress.ro\/newtest\/wp-json\/wp\/v2\/posts\/3387","targetHints":{"allow":["GET"]}}],"collection":[{"href":"https:\/\/www.editiespecialapress.ro\/newtest\/wp-json\/wp\/v2\/posts"}],"about":[{"href":"https:\/\/www.editiespecialapress.ro\/newtest\/wp-json\/wp\/v2\/types\/post"}],"author":[{"embeddable":true,"href":"https:\/\/www.editiespecialapress.ro\/newtest\/wp-json\/wp\/v2\/users\/2"}],"replies":[{"embeddable":true,"href":"https:\/\/www.editiespecialapress.ro\/newtest\/wp-json\/wp\/v2\/comments?post=3387"}],"version-history":[{"count":0,"href":"https:\/\/www.editiespecialapress.ro\/newtest\/wp-json\/wp\/v2\/posts\/3387\/revisions"}],"wp:featuredmedia":[{"embeddable":true,"href":"https:\/\/www.editiespecialapress.ro\/newtest\/wp-json\/"}],"wp:attachment":[{"href":"https:\/\/www.editiespecialapress.ro\/newtest\/wp-json\/wp\/v2\/media?parent=3387"}],"wp:term":[{"taxonomy":"category","embeddable":true,"href":"https:\/\/www.editiespecialapress.ro\/newtest\/wp-json\/wp\/v2\/categories?post=3387"},{"taxonomy":"post_tag","embeddable":true,"href":"https:\/\/www.editiespecialapress.ro\/newtest\/wp-json\/wp\/v2\/tags?post=3387"}],"curies":[{"name":"wp","href":"https:\/\/api.w.org\/{rel}","templated":true}]}}