{"id":3389,"date":"2015-12-20T21:45:45","date_gmt":"2015-12-20T19:45:45","guid":{"rendered":"http:\/\/www.editiespecialapress.ro\/?p=3389"},"modified":"2015-12-20T21:45:45","modified_gmt":"2015-12-20T19:45:45","slug":"3389","status":"publish","type":"post","link":"https:\/\/www.editiespecialapress.ro\/newtest\/2015\/12\/20\/3389\/","title":{"rendered":"Cr\u0103ciun fericit!  Prim\u0103ria Poiana Lacului, AG,"},"content":{"rendered":"<p>Fie ca s\u0103rb\u0103torile de iarna sa v\u0103 aduc\u0103 bucuria Cr\u0103ciunului prin speran\u021ba, spiritul Cr\u0103ciunului prin pace, emo\u021bia Cr\u0103ciunului prin dragoste.<\/p>\n<p style=\"text-align: center;\"><strong>Cr\u0103ciun fericit! <\/strong><\/p>\n<p style=\"text-align: right;\"><strong>Prim\u0103ria Poiana Lacului, AG,<\/strong><br \/>\n<strong>primar Dumitrache Ion \u015fi angaja\u0163ii prim\u0103riei<\/strong><\/p>\n","protected":false},"excerpt":{"rendered":"<p>Fie ca s\u0103rb\u0103torile de iarna sa v\u0103 aduc\u0103 bucuria Cr\u0103ciunului prin speran\u021ba, spiritul Cr\u0103ciunului prin pace, emo\u021bia Cr\u0103ciunului prin dragoste. Cr\u0103ciun fericit! Prim\u0103ria Poiana Lacului, AG, primar Dumitrache Ion \u015fi angaja\u0163ii prim\u0103riei<\/p>\n","protected":false},"author":2,"featured_media":3363,"comment_status":"closed","ping_status":"open","sticky":false,"template":"","format":"standard","meta":{"footnotes":""},"categories":[4],"tags":[],"class_list":{"0":"post-3389","1":"post","2":"type-post","3":"status-publish","4":"format-standard","5":"has-post-thumbnail","7":"category-felicitari"},"_links":{"self":[{"href":"https:\/\/www.editiespecialapress.ro\/newtest\/wp-json\/wp\/v2\/posts\/3389","targetHints":{"allow":["GET"]}}],"collection":[{"href":"https:\/\/www.editiespecialapress.ro\/newtest\/wp-json\/wp\/v2\/posts"}],"about":[{"href":"https:\/\/www.editiespecialapress.ro\/newtest\/wp-json\/wp\/v2\/types\/post"}],"author":[{"embeddable":true,"href":"https:\/\/www.editiespecialapress.ro\/newtest\/wp-json\/wp\/v2\/users\/2"}],"replies":[{"embeddable":true,"href":"https:\/\/www.editiespecialapress.ro\/newtest\/wp-json\/wp\/v2\/comments?post=3389"}],"version-history":[{"count":0,"href":"https:\/\/www.editiespecialapress.ro\/newtest\/wp-json\/wp\/v2\/posts\/3389\/revisions"}],"wp:featuredmedia":[{"embeddable":true,"href":"https:\/\/www.editiespecialapress.ro\/newtest\/wp-json\/"}],"wp:attachment":[{"href":"https:\/\/www.editiespecialapress.ro\/newtest\/wp-json\/wp\/v2\/media?parent=3389"}],"wp:term":[{"taxonomy":"category","embeddable":true,"href":"https:\/\/www.editiespecialapress.ro\/newtest\/wp-json\/wp\/v2\/categories?post=3389"},{"taxonomy":"post_tag","embeddable":true,"href":"https:\/\/www.editiespecialapress.ro\/newtest\/wp-json\/wp\/v2\/tags?post=3389"}],"curies":[{"name":"wp","href":"https:\/\/api.w.org\/{rel}","templated":true}]}}