{"id":3394,"date":"2015-12-20T21:47:24","date_gmt":"2015-12-20T19:47:24","guid":{"rendered":"http:\/\/www.editiespecialapress.ro\/?p=3394"},"modified":"2015-12-20T21:47:24","modified_gmt":"2015-12-20T19:47:24","slug":"craciun-fericit-primaria-slobozia-ag","status":"publish","type":"post","link":"https:\/\/www.editiespecialapress.ro\/newtest\/2015\/12\/20\/craciun-fericit-primaria-slobozia-ag\/","title":{"rendered":"Cr\u0103ciun fericit! Prim\u0103ria Slobozia, AG"},"content":{"rendered":"<p>S\u0103 primim odat\u0103 cu colind\u0103torii \u015fi lumina, c\u0103ldur\u0103, lini\u015ftea, dragostea, \u00eemp\u0103carea,veselia \u015fi via\u0163a. Ca iarba sub z\u0103pad\u0103, ca fulgul \u00een zbor s\u0103 primim speran\u0163a \u00een sufletele noastre.<\/p>\n<p style=\"text-align: center;\"><strong>Cr\u0103ciun fericit! <\/strong><\/p>\n<p style=\"text-align: right;\"><strong>Prim\u0103ria Slobozia,AG,<\/strong><br \/>\n<strong>primar Ni\u0163u Alexandru \u015fi angaja\u0163ii prim\u0103riei<\/strong><\/p>\n","protected":false},"excerpt":{"rendered":"<p>S\u0103 primim odat\u0103 cu colind\u0103torii \u015fi lumina, c\u0103ldur\u0103, lini\u015ftea, dragostea, \u00eemp\u0103carea,veselia \u015fi via\u0163a. Ca iarba sub z\u0103pad\u0103, ca fulgul \u00een zbor s\u0103 primim speran\u0163a \u00een sufletele noastre. Cr\u0103ciun fericit! Prim\u0103ria Slobozia,AG, primar Ni\u0163u Alexandru \u015fi angaja\u0163ii prim\u0103riei<\/p>\n","protected":false},"author":2,"featured_media":3365,"comment_status":"closed","ping_status":"open","sticky":false,"template":"","format":"standard","meta":{"footnotes":""},"categories":[4],"tags":[],"class_list":{"0":"post-3394","1":"post","2":"type-post","3":"status-publish","4":"format-standard","5":"has-post-thumbnail","7":"category-felicitari"},"_links":{"self":[{"href":"https:\/\/www.editiespecialapress.ro\/newtest\/wp-json\/wp\/v2\/posts\/3394","targetHints":{"allow":["GET"]}}],"collection":[{"href":"https:\/\/www.editiespecialapress.ro\/newtest\/wp-json\/wp\/v2\/posts"}],"about":[{"href":"https:\/\/www.editiespecialapress.ro\/newtest\/wp-json\/wp\/v2\/types\/post"}],"author":[{"embeddable":true,"href":"https:\/\/www.editiespecialapress.ro\/newtest\/wp-json\/wp\/v2\/users\/2"}],"replies":[{"embeddable":true,"href":"https:\/\/www.editiespecialapress.ro\/newtest\/wp-json\/wp\/v2\/comments?post=3394"}],"version-history":[{"count":0,"href":"https:\/\/www.editiespecialapress.ro\/newtest\/wp-json\/wp\/v2\/posts\/3394\/revisions"}],"wp:featuredmedia":[{"embeddable":true,"href":"https:\/\/www.editiespecialapress.ro\/newtest\/wp-json\/"}],"wp:attachment":[{"href":"https:\/\/www.editiespecialapress.ro\/newtest\/wp-json\/wp\/v2\/media?parent=3394"}],"wp:term":[{"taxonomy":"category","embeddable":true,"href":"https:\/\/www.editiespecialapress.ro\/newtest\/wp-json\/wp\/v2\/categories?post=3394"},{"taxonomy":"post_tag","embeddable":true,"href":"https:\/\/www.editiespecialapress.ro\/newtest\/wp-json\/wp\/v2\/tags?post=3394"}],"curies":[{"name":"wp","href":"https:\/\/api.w.org\/{rel}","templated":true}]}}