{"id":3396,"date":"2015-12-20T21:48:13","date_gmt":"2015-12-20T19:48:13","guid":{"rendered":"http:\/\/www.editiespecialapress.ro\/?p=3396"},"modified":"2015-12-20T21:48:13","modified_gmt":"2015-12-20T19:48:13","slug":"craciun-fericit-primaria-arefu-ag","status":"publish","type":"post","link":"https:\/\/www.editiespecialapress.ro\/newtest\/2015\/12\/20\/craciun-fericit-primaria-arefu-ag\/","title":{"rendered":"Cr\u0103ciun fericit! Prim\u0103ria Arefu, AG"},"content":{"rendered":"<p>Farmecul zilelor de Cr\u0103ciun s\u0103 v\u0103 \u00eensufle\u0163easc\u0103 \u015fi s\u0103 v\u0103 lumineze toat\u0103 fiin\u0163a! Bucura\u0163i-v\u0103 de adev\u0103rata semnifica\u0163ie a acestei s\u0103rb\u0103tori al\u0103turi de to\u0163i cei pe care \u00eei iubi\u0163i!<\/p>\n<p style=\"text-align: center;\"><strong>Cr\u0103ciun fericit! <\/strong><\/p>\n<p style=\"text-align: right;\"><strong>Prim\u0103ria Arefu, AG,<\/strong><br \/>\n<strong>primar Stoican Gheorghe \u015fi angaja\u0163ii prim\u0103riei<\/strong><\/p>\n","protected":false},"excerpt":{"rendered":"<p>Farmecul zilelor de Cr\u0103ciun s\u0103 v\u0103 \u00eensufle\u0163easc\u0103 \u015fi s\u0103 v\u0103 lumineze toat\u0103 fiin\u0163a! Bucura\u0163i-v\u0103 de adev\u0103rata semnifica\u0163ie a acestei s\u0103rb\u0103tori al\u0103turi de to\u0163i cei pe care \u00eei iubi\u0163i! Cr\u0103ciun fericit! Prim\u0103ria Arefu, AG, primar Stoican Gheorghe \u015fi angaja\u0163ii prim\u0103riei<\/p>\n","protected":false},"author":2,"featured_media":3353,"comment_status":"closed","ping_status":"open","sticky":false,"template":"","format":"standard","meta":{"footnotes":""},"categories":[4],"tags":[],"class_list":{"0":"post-3396","1":"post","2":"type-post","3":"status-publish","4":"format-standard","5":"has-post-thumbnail","7":"category-felicitari"},"_links":{"self":[{"href":"https:\/\/www.editiespecialapress.ro\/newtest\/wp-json\/wp\/v2\/posts\/3396","targetHints":{"allow":["GET"]}}],"collection":[{"href":"https:\/\/www.editiespecialapress.ro\/newtest\/wp-json\/wp\/v2\/posts"}],"about":[{"href":"https:\/\/www.editiespecialapress.ro\/newtest\/wp-json\/wp\/v2\/types\/post"}],"author":[{"embeddable":true,"href":"https:\/\/www.editiespecialapress.ro\/newtest\/wp-json\/wp\/v2\/users\/2"}],"replies":[{"embeddable":true,"href":"https:\/\/www.editiespecialapress.ro\/newtest\/wp-json\/wp\/v2\/comments?post=3396"}],"version-history":[{"count":0,"href":"https:\/\/www.editiespecialapress.ro\/newtest\/wp-json\/wp\/v2\/posts\/3396\/revisions"}],"wp:featuredmedia":[{"embeddable":true,"href":"https:\/\/www.editiespecialapress.ro\/newtest\/wp-json\/"}],"wp:attachment":[{"href":"https:\/\/www.editiespecialapress.ro\/newtest\/wp-json\/wp\/v2\/media?parent=3396"}],"wp:term":[{"taxonomy":"category","embeddable":true,"href":"https:\/\/www.editiespecialapress.ro\/newtest\/wp-json\/wp\/v2\/categories?post=3396"},{"taxonomy":"post_tag","embeddable":true,"href":"https:\/\/www.editiespecialapress.ro\/newtest\/wp-json\/wp\/v2\/tags?post=3396"}],"curies":[{"name":"wp","href":"https:\/\/api.w.org\/{rel}","templated":true}]}}