{"id":3423,"date":"2015-12-27T22:57:02","date_gmt":"2015-12-27T20:57:02","guid":{"rendered":"http:\/\/www.editiespecialapress.ro\/?p=3423"},"modified":"2015-12-27T22:57:02","modified_gmt":"2015-12-27T20:57:02","slug":"la-multi-ani-2016-primaria-albestii-de-arges","status":"publish","type":"post","link":"https:\/\/www.editiespecialapress.ro\/newtest\/2015\/12\/27\/la-multi-ani-2016-primaria-albestii-de-arges\/","title":{"rendered":"La mul\u0163i ani, 2016! Prim\u0103ria Albe\u015ftii de Arge\u015f"},"content":{"rendered":"<p>Fie ca spiritul bl\u00e2nd al Sfintelor S\u0103rb\u0103tori s\u0103 ning\u0103 asupra voastr\u0103 doar bucurie \u015fi senin, prosperitate, veselie \u015fi s\u0103n\u0103tate \u00een anul ce vine! S\u0103rb\u0103tori Fericite!<\/p>\n<p style=\"text-align: center;\"><strong>La mul\u0163i ani, 2016! <\/strong><\/p>\n<p style=\"text-align: right;\"><strong>Prim\u0103ria Albe\u015ftii de Arge\u015f,<\/strong><br \/>\n<strong>primar Sava Vasile \u015fi angaja\u0163ii prim\u0103riei<\/strong><\/p>\n","protected":false},"excerpt":{"rendered":"<p>Fie ca spiritul bl\u00e2nd al Sfintelor S\u0103rb\u0103tori s\u0103 ning\u0103 asupra voastr\u0103 doar bucurie \u015fi senin, prosperitate, veselie \u015fi s\u0103n\u0103tate \u00een anul ce vine! S\u0103rb\u0103tori Fericite! La mul\u0163i ani, 2016! Prim\u0103ria Albe\u015ftii de Arge\u015f, primar Sava Vasile \u015fi angaja\u0163ii prim\u0103riei<\/p>\n","protected":false},"author":2,"featured_media":3410,"comment_status":"closed","ping_status":"open","sticky":false,"template":"","format":"standard","meta":{"footnotes":""},"categories":[4],"tags":[],"class_list":{"0":"post-3423","1":"post","2":"type-post","3":"status-publish","4":"format-standard","5":"has-post-thumbnail","7":"category-felicitari"},"_links":{"self":[{"href":"https:\/\/www.editiespecialapress.ro\/newtest\/wp-json\/wp\/v2\/posts\/3423","targetHints":{"allow":["GET"]}}],"collection":[{"href":"https:\/\/www.editiespecialapress.ro\/newtest\/wp-json\/wp\/v2\/posts"}],"about":[{"href":"https:\/\/www.editiespecialapress.ro\/newtest\/wp-json\/wp\/v2\/types\/post"}],"author":[{"embeddable":true,"href":"https:\/\/www.editiespecialapress.ro\/newtest\/wp-json\/wp\/v2\/users\/2"}],"replies":[{"embeddable":true,"href":"https:\/\/www.editiespecialapress.ro\/newtest\/wp-json\/wp\/v2\/comments?post=3423"}],"version-history":[{"count":0,"href":"https:\/\/www.editiespecialapress.ro\/newtest\/wp-json\/wp\/v2\/posts\/3423\/revisions"}],"wp:featuredmedia":[{"embeddable":true,"href":"https:\/\/www.editiespecialapress.ro\/newtest\/wp-json\/"}],"wp:attachment":[{"href":"https:\/\/www.editiespecialapress.ro\/newtest\/wp-json\/wp\/v2\/media?parent=3423"}],"wp:term":[{"taxonomy":"category","embeddable":true,"href":"https:\/\/www.editiespecialapress.ro\/newtest\/wp-json\/wp\/v2\/categories?post=3423"},{"taxonomy":"post_tag","embeddable":true,"href":"https:\/\/www.editiespecialapress.ro\/newtest\/wp-json\/wp\/v2\/tags?post=3423"}],"curies":[{"name":"wp","href":"https:\/\/api.w.org\/{rel}","templated":true}]}}