{"id":3425,"date":"2015-12-27T22:58:14","date_gmt":"2015-12-27T20:58:14","guid":{"rendered":"http:\/\/www.editiespecialapress.ro\/?p=3425"},"modified":"2015-12-27T22:58:14","modified_gmt":"2015-12-27T20:58:14","slug":"3425","status":"publish","type":"post","link":"https:\/\/www.editiespecialapress.ro\/newtest\/2015\/12\/27\/3425\/","title":{"rendered":"La mul\u0163i ani, 2016!  Prim\u0103ria B\u0103icule\u015fti,"},"content":{"rendered":"<p>De sfintele S\u0103rb\u0103tori s\u0103 deschidem u\u015fa pentru oaspe\u0163i dragi, \u015fi inima pentru speran\u0163\u0103 bucurie \u015fi lumin\u0103. S\u0103 fim mai buni \u015fi s\u0103 privim \u00eenainte cu \u00eencredere, \u015ftiind c\u0103 dac\u0103 avem credin\u0163\u0103, drumul din fa\u0163a noastr\u0103 va fi pres\u0103rat cu \u00eempliniri. S\u0103rb\u0103tori fericite!<\/p>\n<p style=\"text-align: center;\"><strong>La mul\u0163i ani, 2016! <\/strong><\/p>\n<p style=\"text-align: right;\"><strong>Prim\u0103ria B\u0103icule\u015fti,<\/strong><br \/>\n<strong>primar Dragnea Niculae \u015fi angaja\u0163ii prim\u0103riei<\/strong><\/p>\n","protected":false},"excerpt":{"rendered":"<p>De sfintele S\u0103rb\u0103tori s\u0103 deschidem u\u015fa pentru oaspe\u0163i dragi, \u015fi inima pentru speran\u0163\u0103 bucurie \u015fi lumin\u0103. S\u0103 fim mai buni \u015fi s\u0103 privim \u00eenainte cu \u00eencredere, \u015ftiind c\u0103 dac\u0103 avem credin\u0163\u0103, drumul din fa\u0163a noastr\u0103 va fi pres\u0103rat cu \u00eempliniri. S\u0103rb\u0103tori fericite! La mul\u0163i ani, 2016! Prim\u0103ria B\u0103icule\u015fti, primar Dragnea Niculae \u015fi angaja\u0163ii prim\u0103riei<\/p>\n","protected":false},"author":2,"featured_media":3412,"comment_status":"closed","ping_status":"open","sticky":false,"template":"","format":"standard","meta":{"footnotes":""},"categories":[4],"tags":[],"class_list":{"0":"post-3425","1":"post","2":"type-post","3":"status-publish","4":"format-standard","5":"has-post-thumbnail","7":"category-felicitari"},"_links":{"self":[{"href":"https:\/\/www.editiespecialapress.ro\/newtest\/wp-json\/wp\/v2\/posts\/3425","targetHints":{"allow":["GET"]}}],"collection":[{"href":"https:\/\/www.editiespecialapress.ro\/newtest\/wp-json\/wp\/v2\/posts"}],"about":[{"href":"https:\/\/www.editiespecialapress.ro\/newtest\/wp-json\/wp\/v2\/types\/post"}],"author":[{"embeddable":true,"href":"https:\/\/www.editiespecialapress.ro\/newtest\/wp-json\/wp\/v2\/users\/2"}],"replies":[{"embeddable":true,"href":"https:\/\/www.editiespecialapress.ro\/newtest\/wp-json\/wp\/v2\/comments?post=3425"}],"version-history":[{"count":0,"href":"https:\/\/www.editiespecialapress.ro\/newtest\/wp-json\/wp\/v2\/posts\/3425\/revisions"}],"wp:featuredmedia":[{"embeddable":true,"href":"https:\/\/www.editiespecialapress.ro\/newtest\/wp-json\/"}],"wp:attachment":[{"href":"https:\/\/www.editiespecialapress.ro\/newtest\/wp-json\/wp\/v2\/media?parent=3425"}],"wp:term":[{"taxonomy":"category","embeddable":true,"href":"https:\/\/www.editiespecialapress.ro\/newtest\/wp-json\/wp\/v2\/categories?post=3425"},{"taxonomy":"post_tag","embeddable":true,"href":"https:\/\/www.editiespecialapress.ro\/newtest\/wp-json\/wp\/v2\/tags?post=3425"}],"curies":[{"name":"wp","href":"https:\/\/api.w.org\/{rel}","templated":true}]}}