{"id":3428,"date":"2015-12-27T22:59:31","date_gmt":"2015-12-27T20:59:31","guid":{"rendered":"http:\/\/www.editiespecialapress.ro\/?p=3428"},"modified":"2015-12-27T22:59:31","modified_gmt":"2015-12-27T20:59:31","slug":"la-multi-ani-2016-primaria-barla","status":"publish","type":"post","link":"https:\/\/www.editiespecialapress.ro\/newtest\/2015\/12\/27\/la-multi-ani-2016-primaria-barla\/","title":{"rendered":"La mul\u0163i ani, 2016!  Prim\u0103ria B\u00e2rla,"},"content":{"rendered":"<p>Fie ca toate visele pe care le f\u0103uri\u0163i \u00een aceste zile magice s\u0103 se \u00eemplinesc\u0103 \u015fi drumul str\u0103b\u0103tut pentru realizarea lor s\u0103 v\u0103 aduc\u0103 bucurie \u00een inimi, iar \u00een case fericire \u015fi bel\u015fug.<\/p>\n<p style=\"text-align: center;\"><strong>La mul\u0163i ani, 2016! <\/strong><\/p>\n<p style=\"text-align: right;\"><strong>Prim\u0103ria B\u00e2rla,<\/strong><br \/>\n<strong>primar Neac\u015fu Ion \u015fi angaja\u0163ii prim\u0103riei<\/strong><\/p>\n","protected":false},"excerpt":{"rendered":"<p>Fie ca toate visele pe care le f\u0103uri\u0163i \u00een aceste zile magice s\u0103 se \u00eemplinesc\u0103 \u015fi drumul str\u0103b\u0103tut pentru realizarea lor s\u0103 v\u0103 aduc\u0103 bucurie \u00een inimi, iar \u00een case fericire \u015fi bel\u015fug. La mul\u0163i ani, 2016! Prim\u0103ria B\u00e2rla, primar Neac\u015fu Ion \u015fi angaja\u0163ii prim\u0103riei<\/p>\n","protected":false},"author":2,"featured_media":3413,"comment_status":"closed","ping_status":"open","sticky":false,"template":"","format":"standard","meta":{"footnotes":""},"categories":[4],"tags":[],"class_list":{"0":"post-3428","1":"post","2":"type-post","3":"status-publish","4":"format-standard","5":"has-post-thumbnail","7":"category-felicitari"},"_links":{"self":[{"href":"https:\/\/www.editiespecialapress.ro\/newtest\/wp-json\/wp\/v2\/posts\/3428","targetHints":{"allow":["GET"]}}],"collection":[{"href":"https:\/\/www.editiespecialapress.ro\/newtest\/wp-json\/wp\/v2\/posts"}],"about":[{"href":"https:\/\/www.editiespecialapress.ro\/newtest\/wp-json\/wp\/v2\/types\/post"}],"author":[{"embeddable":true,"href":"https:\/\/www.editiespecialapress.ro\/newtest\/wp-json\/wp\/v2\/users\/2"}],"replies":[{"embeddable":true,"href":"https:\/\/www.editiespecialapress.ro\/newtest\/wp-json\/wp\/v2\/comments?post=3428"}],"version-history":[{"count":0,"href":"https:\/\/www.editiespecialapress.ro\/newtest\/wp-json\/wp\/v2\/posts\/3428\/revisions"}],"wp:featuredmedia":[{"embeddable":true,"href":"https:\/\/www.editiespecialapress.ro\/newtest\/wp-json\/"}],"wp:attachment":[{"href":"https:\/\/www.editiespecialapress.ro\/newtest\/wp-json\/wp\/v2\/media?parent=3428"}],"wp:term":[{"taxonomy":"category","embeddable":true,"href":"https:\/\/www.editiespecialapress.ro\/newtest\/wp-json\/wp\/v2\/categories?post=3428"},{"taxonomy":"post_tag","embeddable":true,"href":"https:\/\/www.editiespecialapress.ro\/newtest\/wp-json\/wp\/v2\/tags?post=3428"}],"curies":[{"name":"wp","href":"https:\/\/api.w.org\/{rel}","templated":true}]}}