{"id":3430,"date":"2015-12-27T23:00:31","date_gmt":"2015-12-27T21:00:31","guid":{"rendered":"http:\/\/www.editiespecialapress.ro\/?p=3430"},"modified":"2015-12-27T23:00:31","modified_gmt":"2015-12-27T21:00:31","slug":"la-multi-ani-2016-primaria-bascov","status":"publish","type":"post","link":"https:\/\/www.editiespecialapress.ro\/newtest\/2015\/12\/27\/la-multi-ani-2016-primaria-bascov\/","title":{"rendered":"La mul\u0163i ani, 2016!  Prim\u0103ria Bascov,"},"content":{"rendered":"<p>G\u00e2ndi\u0163i-v\u0103 la trecerea dintre ani ca la o poart\u0103. Pute\u0163i s\u0103 trece\u0163i prin aceast\u0103 poart\u0103 \u00een noul an \u015fi s\u0103 lua\u0163i cu voi doar lucrurile \u015fi g\u00e2ndurile bune.<\/p>\n<p style=\"text-align: center;\"><strong>La mul\u0163i ani, 2016!<\/strong><\/p>\n<p style=\"text-align: right;\"><strong>Prim\u0103ria Bascov,<\/strong><br \/>\n<strong>primar Stancu Gheorghe \u015fi angaja\u0163ii prim\u0103riei<\/strong><\/p>\n","protected":false},"excerpt":{"rendered":"<p>G\u00e2ndi\u0163i-v\u0103 la trecerea dintre ani ca la o poart\u0103. Pute\u0163i s\u0103 trece\u0163i prin aceast\u0103 poart\u0103 \u00een noul an \u015fi s\u0103 lua\u0163i cu voi doar lucrurile \u015fi g\u00e2ndurile bune. La mul\u0163i ani, 2016! Prim\u0103ria Bascov, primar Stancu Gheorghe \u015fi angaja\u0163ii prim\u0103riei<\/p>\n","protected":false},"author":2,"featured_media":3414,"comment_status":"closed","ping_status":"open","sticky":false,"template":"","format":"standard","meta":{"footnotes":""},"categories":[4],"tags":[],"class_list":{"0":"post-3430","1":"post","2":"type-post","3":"status-publish","4":"format-standard","5":"has-post-thumbnail","7":"category-felicitari"},"_links":{"self":[{"href":"https:\/\/www.editiespecialapress.ro\/newtest\/wp-json\/wp\/v2\/posts\/3430","targetHints":{"allow":["GET"]}}],"collection":[{"href":"https:\/\/www.editiespecialapress.ro\/newtest\/wp-json\/wp\/v2\/posts"}],"about":[{"href":"https:\/\/www.editiespecialapress.ro\/newtest\/wp-json\/wp\/v2\/types\/post"}],"author":[{"embeddable":true,"href":"https:\/\/www.editiespecialapress.ro\/newtest\/wp-json\/wp\/v2\/users\/2"}],"replies":[{"embeddable":true,"href":"https:\/\/www.editiespecialapress.ro\/newtest\/wp-json\/wp\/v2\/comments?post=3430"}],"version-history":[{"count":0,"href":"https:\/\/www.editiespecialapress.ro\/newtest\/wp-json\/wp\/v2\/posts\/3430\/revisions"}],"wp:featuredmedia":[{"embeddable":true,"href":"https:\/\/www.editiespecialapress.ro\/newtest\/wp-json\/"}],"wp:attachment":[{"href":"https:\/\/www.editiespecialapress.ro\/newtest\/wp-json\/wp\/v2\/media?parent=3430"}],"wp:term":[{"taxonomy":"category","embeddable":true,"href":"https:\/\/www.editiespecialapress.ro\/newtest\/wp-json\/wp\/v2\/categories?post=3430"},{"taxonomy":"post_tag","embeddable":true,"href":"https:\/\/www.editiespecialapress.ro\/newtest\/wp-json\/wp\/v2\/tags?post=3430"}],"curies":[{"name":"wp","href":"https:\/\/api.w.org\/{rel}","templated":true}]}}