{"id":3434,"date":"2015-12-27T23:02:47","date_gmt":"2015-12-27T21:02:47","guid":{"rendered":"http:\/\/www.editiespecialapress.ro\/?p=3434"},"modified":"2015-12-27T23:02:47","modified_gmt":"2015-12-27T21:02:47","slug":"la-multi-ani-2016-primaria-darmanesti","status":"publish","type":"post","link":"https:\/\/www.editiespecialapress.ro\/newtest\/2015\/12\/27\/la-multi-ani-2016-primaria-darmanesti\/","title":{"rendered":"La mul\u0163i ani, 2016!  Prim\u0103ria D\u0103rm\u0103ne\u015fti,"},"content":{"rendered":"<p>Sufletul vostru s\u0103 vibreze \u00een armonie \u015fi pace, iubirea s\u0103 v\u0103 primeasc\u0103 \u00een bra\u0163ele-i pline de c\u0103ldur\u0103, iar norocul s\u0103 v\u0103 urmeze oriunde\u2026 Anul ce vine s\u0103 v\u0103 ajute s\u0103 descoperi\u0163i minunea unei vie\u0163i \u00eemplinite!<\/p>\n<p style=\"text-align: center;\"><strong>La mul\u0163i ani, 2016! <\/strong><\/p>\n<p style=\"text-align: right;\"><strong>Prim\u0103ria D\u0103rm\u0103ne\u015fti,<\/strong><br \/>\n<strong>primar Ciolan Emilian \u015fi angaja\u0163ii prim\u0103riei<\/strong><\/p>\n","protected":false},"excerpt":{"rendered":"<p>Sufletul vostru s\u0103 vibreze \u00een armonie \u015fi pace, iubirea s\u0103 v\u0103 primeasc\u0103 \u00een bra\u0163ele-i pline de c\u0103ldur\u0103, iar norocul s\u0103 v\u0103 urmeze oriunde\u2026 Anul ce vine s\u0103 v\u0103 ajute s\u0103 descoperi\u0163i minunea unei vie\u0163i \u00eemplinite! La mul\u0163i ani, 2016! Prim\u0103ria D\u0103rm\u0103ne\u015fti, primar Ciolan Emilian \u015fi angaja\u0163ii prim\u0103riei<\/p>\n","protected":false},"author":2,"featured_media":3416,"comment_status":"closed","ping_status":"open","sticky":false,"template":"","format":"standard","meta":{"footnotes":""},"categories":[4],"tags":[],"class_list":{"0":"post-3434","1":"post","2":"type-post","3":"status-publish","4":"format-standard","5":"has-post-thumbnail","7":"category-felicitari"},"_links":{"self":[{"href":"https:\/\/www.editiespecialapress.ro\/newtest\/wp-json\/wp\/v2\/posts\/3434","targetHints":{"allow":["GET"]}}],"collection":[{"href":"https:\/\/www.editiespecialapress.ro\/newtest\/wp-json\/wp\/v2\/posts"}],"about":[{"href":"https:\/\/www.editiespecialapress.ro\/newtest\/wp-json\/wp\/v2\/types\/post"}],"author":[{"embeddable":true,"href":"https:\/\/www.editiespecialapress.ro\/newtest\/wp-json\/wp\/v2\/users\/2"}],"replies":[{"embeddable":true,"href":"https:\/\/www.editiespecialapress.ro\/newtest\/wp-json\/wp\/v2\/comments?post=3434"}],"version-history":[{"count":0,"href":"https:\/\/www.editiespecialapress.ro\/newtest\/wp-json\/wp\/v2\/posts\/3434\/revisions"}],"wp:featuredmedia":[{"embeddable":true,"href":"https:\/\/www.editiespecialapress.ro\/newtest\/wp-json\/"}],"wp:attachment":[{"href":"https:\/\/www.editiespecialapress.ro\/newtest\/wp-json\/wp\/v2\/media?parent=3434"}],"wp:term":[{"taxonomy":"category","embeddable":true,"href":"https:\/\/www.editiespecialapress.ro\/newtest\/wp-json\/wp\/v2\/categories?post=3434"},{"taxonomy":"post_tag","embeddable":true,"href":"https:\/\/www.editiespecialapress.ro\/newtest\/wp-json\/wp\/v2\/tags?post=3434"}],"curies":[{"name":"wp","href":"https:\/\/api.w.org\/{rel}","templated":true}]}}