{"id":3436,"date":"2015-12-27T23:04:30","date_gmt":"2015-12-27T21:04:30","guid":{"rendered":"http:\/\/www.editiespecialapress.ro\/?p=3436"},"modified":"2015-12-27T23:04:30","modified_gmt":"2015-12-27T21:04:30","slug":"la-multi-ani-2016-primaria-draganu","status":"publish","type":"post","link":"https:\/\/www.editiespecialapress.ro\/newtest\/2015\/12\/27\/la-multi-ani-2016-primaria-draganu\/","title":{"rendered":"La mul\u0163i ani, 2016!  Prim\u0103ria Dr\u0103ganu,"},"content":{"rendered":"<p>\u00cen fiecare pic\u0103tur\u0103 a \u015fampaniei pe care o be\u0163i \u00een cinstea noului an sunt ur\u0103rile noastre de bine, pline de cele mai frumoase \u015fi c\u0103lduroase g\u00e2nduri! Un an minunat!<\/p>\n<p style=\"text-align: center;\"><strong>La mul\u0163i ani, 2016! <\/strong><\/p>\n<p style=\"text-align: right;\"><strong>Prim\u0103ria Dr\u0103ganu,<\/strong><br \/>\n<strong>primar Maria Aurelian \u015fi angaja\u0163ii prim\u0103riei<\/strong><\/p>\n","protected":false},"excerpt":{"rendered":"<p>\u00cen fiecare pic\u0103tur\u0103 a \u015fampaniei pe care o be\u0163i \u00een cinstea noului an sunt ur\u0103rile noastre de bine, pline de cele mai frumoase \u015fi c\u0103lduroase g\u00e2nduri! Un an minunat! La mul\u0163i ani, 2016! Prim\u0103ria Dr\u0103ganu, primar Maria Aurelian \u015fi angaja\u0163ii prim\u0103riei<\/p>\n","protected":false},"author":2,"featured_media":3417,"comment_status":"closed","ping_status":"open","sticky":false,"template":"","format":"standard","meta":{"footnotes":""},"categories":[4],"tags":[],"class_list":{"0":"post-3436","1":"post","2":"type-post","3":"status-publish","4":"format-standard","5":"has-post-thumbnail","7":"category-felicitari"},"_links":{"self":[{"href":"https:\/\/www.editiespecialapress.ro\/newtest\/wp-json\/wp\/v2\/posts\/3436","targetHints":{"allow":["GET"]}}],"collection":[{"href":"https:\/\/www.editiespecialapress.ro\/newtest\/wp-json\/wp\/v2\/posts"}],"about":[{"href":"https:\/\/www.editiespecialapress.ro\/newtest\/wp-json\/wp\/v2\/types\/post"}],"author":[{"embeddable":true,"href":"https:\/\/www.editiespecialapress.ro\/newtest\/wp-json\/wp\/v2\/users\/2"}],"replies":[{"embeddable":true,"href":"https:\/\/www.editiespecialapress.ro\/newtest\/wp-json\/wp\/v2\/comments?post=3436"}],"version-history":[{"count":0,"href":"https:\/\/www.editiespecialapress.ro\/newtest\/wp-json\/wp\/v2\/posts\/3436\/revisions"}],"wp:featuredmedia":[{"embeddable":true,"href":"https:\/\/www.editiespecialapress.ro\/newtest\/wp-json\/"}],"wp:attachment":[{"href":"https:\/\/www.editiespecialapress.ro\/newtest\/wp-json\/wp\/v2\/media?parent=3436"}],"wp:term":[{"taxonomy":"category","embeddable":true,"href":"https:\/\/www.editiespecialapress.ro\/newtest\/wp-json\/wp\/v2\/categories?post=3436"},{"taxonomy":"post_tag","embeddable":true,"href":"https:\/\/www.editiespecialapress.ro\/newtest\/wp-json\/wp\/v2\/tags?post=3436"}],"curies":[{"name":"wp","href":"https:\/\/api.w.org\/{rel}","templated":true}]}}